  {"id":398702,"date":"2025-09-05T13:29:09","date_gmt":"2025-09-05T17:29:09","guid":{"rendered":"https:\/\/www.yorku.ca\/yfile\/?p=398702"},"modified":"2025-09-05T17:06:21","modified_gmt":"2025-09-05T21:06:21","slug":"le-18-septembre-joignez-vous-a-la-communaute-de-york-pour-une-conversation-communautaire","status":"publish","type":"post","link":"https:\/\/www.yorku.ca\/yfile\/2025\/09\/05\/le-18-septembre-joignez-vous-a-la-communaute-de-york-pour-une-conversation-communautaire\/","title":{"rendered":"Le 18 septembre, joignez-vous \u00e0 la communaut\u00e9 de York pour une conversation communautaire\u00a0"},"content":{"rendered":"\n<p>Chers membres de la communaut\u00e9 de York,&nbsp;<\/p>\n\n\n\n<p>Au nom de la pr\u00e9sidente et vice-chanceli\u00e8re <strong>Rhonda Lenton<\/strong>, nous vous invitons \u00e0 participer \u00e0 la <a href=\"https:\/\/www.yorku.ca\/events\/conversations\/?lang=fr\" target=\"_blank\" rel=\"noreferrer noopener\">conversation communautaire d\u2019automne&nbsp;2025 de la pr\u00e9sidente<\/a>. Les membres de l\u2019\u00e9quipe de direction et la pr\u00e9sidente Lenton feront le point sur des initiatives importantes men\u00e9es \u00e0 York. Les membres du corps professoral, du personnel et de la population \u00e9tudiante auront ensuite la chance de poser des questions sur des sujets d\u2019actualit\u00e9.&nbsp;<\/p>\n\n\n\n<p>Participez \u00e0 la conversation!&nbsp;<\/p>\n\n\n\n<p><strong>Date&nbsp;: <\/strong>Jeudi&nbsp;18&nbsp;septembre&nbsp;2025&nbsp;<\/p>\n\n\n\n<p><strong>Heure&nbsp;:<\/strong> 14&nbsp;h&nbsp;\u00e0 15&nbsp;h&nbsp;30&nbsp;<\/p>\n\n\n\n<p><strong>Emplacements&nbsp;:<\/strong>&nbsp;<\/p>\n\n\n\n<ul class=\"wp-block-list\">\n<li><strong>En personne <\/strong>au th\u00e9\u00e2tre Sandra Faire &amp; Ivan Fecan, \u00e9difice Accolade Est, campus Keele&nbsp;<br><em>*Nouveau&nbsp;: il faudra pr\u00e9senter sa carte YU mat\u00e9rielle ou mobile \u00e0 l\u2019entr\u00e9e.<\/em>&nbsp;<\/li>\n\n\n\n<li><strong>Virtuellement <\/strong>sur Zoom&nbsp;<br><em>*Le lien sera fourni lors de l\u2019inscription. Les participants devront utiliser leur identifiant Passport York pour acc\u00e9der au webinaire.<\/em>&nbsp;<\/li>\n\n\n\n<li><strong>Visionnement en direct du webinaire \u00e0 Glendon&nbsp;: <\/strong>pavillon York, salle&nbsp;A100&nbsp;<\/li>\n\n\n\n<li><strong>Visionnement en direct du webinaire \u00e0 Markham&nbsp;: <\/strong>salle&nbsp;MK2050 &nbsp;<\/li>\n<\/ul>\n\n\n\n<p>\u00a0<strong>Lien pour s\u2019inscrire : <\/strong><a href=\"https:\/\/www.yorku.ca\/events\/conversations\/?lang=fr\" target=\"_blank\" rel=\"noreferrer noopener\">conversation communautaire d\u2019automne\u00a02025 de la pr\u00e9sidente<\/a><\/p>\n\n\n\n<p>Les questions seront accept\u00e9es de la part des participants en personne ainsi que via Zoom. Pour soumettre vos questions \u00e0 l'avance, veuillez les envoyer par courriel \u00e0 <a href=\"mailto:conversations@yorku.ca\" target=\"_blank\" rel=\"noreferrer noopener\">conversations@yorku.ca<\/a>.<\/p>\n\n\n\n<p>Tous les participants doivent s\u2019inscrire \u00e0 cet \u00e9v\u00e9nement avec leur courriel de l\u2019Universit\u00e9 York (qui doit se terminer par @yorku.ca pour \u00eatre valable).&nbsp;<\/p>\n\n\n\n<p><em>Veuillez noter que les sacs des participants en personne seront fouill\u00e9s.<\/em>&nbsp;<\/p>\n","protected":false},"excerpt":{"rendered":"<p>Chers membres de la communaut\u00e9 de York,&nbsp; Au nom de la pr\u00e9sidente et vice-chanceli\u00e8re Rhonda Lenton, nous vous invitons \u00e0 participer \u00e0 la conversation communautaire d\u2019automne&nbsp;2025 de la pr\u00e9sidente. Les membres de l\u2019\u00e9quipe de direction et la pr\u00e9sidente Lenton feront le point sur des initiatives importantes men\u00e9es \u00e0 York. Les membres du corps professoral, du [&hellip;]<\/p>\n","protected":false},"author":2386,"featured_media":353199,"comment_status":"closed","ping_status":"closed","sticky":false,"template":"","format":"standard","meta":{"_acf_changed":false,"_kad_blocks_custom_css":"","_kad_blocks_head_custom_js":"","_kad_blocks_body_custom_js":"","_kad_blocks_footer_custom_js":"","footnotes":""},"categories":[181],"tags":[4],"yfileauthor":[204],"qualifier":[],"yfile-author":[],"tags-to-show":[],"workflow":[],"class_list":["post-398702","post","type-post","status-publish","format-standard","has-post-thumbnail","hentry","category-francais","tag-yfile","yfileauthor-yfilestaff"],"acf":{"internal_publish_date":"20250908","original_image":null},"yoast_head":"<!-- This site is optimized with the Yoast SEO plugin v27.4 - https:\/\/yoast.com\/product\/yoast-seo-wordpress\/ -->\n<title>Le 18 septembre, joignez-vous \u00e0 la communaut\u00e9 de York pour une conversation communautaire\u00a0 - YFile<\/title>\n<meta name=\"robots\" content=\"index, follow, max-snippet:-1, max-image-preview:large, max-video-preview:-1\" \/>\n<link rel=\"canonical\" href=\"https:\/\/www.yorku.ca\/yfile\/2025\/09\/05\/le-18-septembre-joignez-vous-a-la-communaute-de-york-pour-une-conversation-communautaire\/\" \/>\n<meta property=\"og:locale\" content=\"en_US\" \/>\n<meta property=\"og:type\" content=\"article\" \/>\n<meta property=\"og:title\" content=\"Le 18 septembre, joignez-vous \u00e0 la communaut\u00e9 de York pour une conversation communautaire\u00a0 - YFile\" \/>\n<meta property=\"og:description\" content=\"Chers membres de la communaut\u00e9 de York,&nbsp; Au nom de la pr\u00e9sidente et vice-chanceli\u00e8re Rhonda Lenton, nous vous invitons \u00e0 participer \u00e0 la conversation communautaire d\u2019automne&nbsp;2025 de la pr\u00e9sidente. Les membres de l\u2019\u00e9quipe de direction et la pr\u00e9sidente Lenton feront le point sur des initiatives importantes men\u00e9es \u00e0 York. Les membres du corps professoral, du [&hellip;]\" \/>\n<meta property=\"og:url\" content=\"https:\/\/www.yorku.ca\/yfile\/2025\/09\/05\/le-18-septembre-joignez-vous-a-la-communaute-de-york-pour-une-conversation-communautaire\/\" \/>\n<meta property=\"og:site_name\" content=\"YFile\" \/>\n<meta property=\"article:published_time\" content=\"2025-09-05T17:29:09+00:00\" \/>\n<meta property=\"article:modified_time\" content=\"2025-09-05T21:06:21+00:00\" \/>\n<meta property=\"og:image\" content=\"https:\/\/www.yorku.ca\/yfile\/wp-content\/uploads\/sites\/889\/2024\/04\/two-york-students-smiling-and-talking-on-campus-BANNER-scaled-1.jpg\" \/>\n\t<meta property=\"og:image:width\" content=\"2560\" \/>\n\t<meta property=\"og:image:height\" content=\"853\" \/>\n\t<meta property=\"og:image:type\" content=\"image\/jpeg\" \/>\n<meta name=\"author\" content=\"ashleygc\" \/>\n<meta name=\"twitter:card\" content=\"summary_large_image\" \/>\n<meta name=\"twitter:label1\" content=\"Written by\" \/>\n\t<meta name=\"twitter:data1\" content=\"ashleygc\" \/>\n\t<meta name=\"twitter:label2\" content=\"Est. reading time\" \/>\n\t<meta name=\"twitter:data2\" content=\"2 minutes\" \/>\n<script type=\"application\/ld+json\" class=\"yoast-schema-graph\">{\"@context\":\"https:\\\/\\\/schema.org\",\"@graph\":[{\"@type\":\"Article\",\"@id\":\"https:\\\/\\\/www.yorku.ca\\\/yfile\\\/2025\\\/09\\\/05\\\/le-18-septembre-joignez-vous-a-la-communaute-de-york-pour-une-conversation-communautaire\\\/#article\",\"isPartOf\":{\"@id\":\"https:\\\/\\\/www.yorku.ca\\\/yfile\\\/2025\\\/09\\\/05\\\/le-18-septembre-joignez-vous-a-la-communaute-de-york-pour-une-conversation-communautaire\\\/\"},\"author\":{\"name\":\"ashleygc\",\"@id\":\"https:\\\/\\\/www.yorku.ca\\\/yfile\\\/#\\\/schema\\\/person\\\/c31100c4bc540ab4f738557fdc4232d6\"},\"headline\":\"Le 18 septembre, joignez-vous \u00e0 la communaut\u00e9 de York pour une conversation communautaire\u00a0\",\"datePublished\":\"2025-09-05T17:29:09+00:00\",\"dateModified\":\"2025-09-05T21:06:21+00:00\",\"mainEntityOfPage\":{\"@id\":\"https:\\\/\\\/www.yorku.ca\\\/yfile\\\/2025\\\/09\\\/05\\\/le-18-septembre-joignez-vous-a-la-communaute-de-york-pour-une-conversation-communautaire\\\/\"},\"wordCount\":281,\"image\":{\"@id\":\"https:\\\/\\\/www.yorku.ca\\\/yfile\\\/2025\\\/09\\\/05\\\/le-18-septembre-joignez-vous-a-la-communaute-de-york-pour-une-conversation-communautaire\\\/#primaryimage\"},\"thumbnailUrl\":\"https:\\\/\\\/www.yorku.ca\\\/yfile\\\/wp-content\\\/uploads\\\/sites\\\/889\\\/2024\\\/04\\\/two-york-students-smiling-and-talking-on-campus-BANNER-scaled-1.jpg\",\"keywords\":[\"YFile\"],\"articleSection\":[\"Fran\u00e7ais\"],\"inLanguage\":\"en-CA\",\"copyrightYear\":\"2025\",\"copyrightHolder\":{\"@id\":\"https:\\\/\\\/www.yorku.ca\\\/yfile\\\/#organization\"}},{\"@type\":\"WebPage\",\"@id\":\"https:\\\/\\\/www.yorku.ca\\\/yfile\\\/2025\\\/09\\\/05\\\/le-18-septembre-joignez-vous-a-la-communaute-de-york-pour-une-conversation-communautaire\\\/\",\"url\":\"https:\\\/\\\/www.yorku.ca\\\/yfile\\\/2025\\\/09\\\/05\\\/le-18-septembre-joignez-vous-a-la-communaute-de-york-pour-une-conversation-communautaire\\\/\",\"name\":\"Le 18 septembre, joignez-vous \u00e0 la communaut\u00e9 de York pour une conversation communautaire\u00a0 - YFile\",\"isPartOf\":{\"@id\":\"https:\\\/\\\/www.yorku.ca\\\/yfile\\\/#website\"},\"primaryImageOfPage\":{\"@id\":\"https:\\\/\\\/www.yorku.ca\\\/yfile\\\/2025\\\/09\\\/05\\\/le-18-septembre-joignez-vous-a-la-communaute-de-york-pour-une-conversation-communautaire\\\/#primaryimage\"},\"image\":{\"@id\":\"https:\\\/\\\/www.yorku.ca\\\/yfile\\\/2025\\\/09\\\/05\\\/le-18-septembre-joignez-vous-a-la-communaute-de-york-pour-une-conversation-communautaire\\\/#primaryimage\"},\"thumbnailUrl\":\"https:\\\/\\\/www.yorku.ca\\\/yfile\\\/wp-content\\\/uploads\\\/sites\\\/889\\\/2024\\\/04\\\/two-york-students-smiling-and-talking-on-campus-BANNER-scaled-1.jpg\",\"datePublished\":\"2025-09-05T17:29:09+00:00\",\"dateModified\":\"2025-09-05T21:06:21+00:00\",\"author\":{\"@id\":\"https:\\\/\\\/www.yorku.ca\\\/yfile\\\/#\\\/schema\\\/person\\\/c31100c4bc540ab4f738557fdc4232d6\"},\"breadcrumb\":{\"@id\":\"https:\\\/\\\/www.yorku.ca\\\/yfile\\\/2025\\\/09\\\/05\\\/le-18-septembre-joignez-vous-a-la-communaute-de-york-pour-une-conversation-communautaire\\\/#breadcrumb\"},\"inLanguage\":\"en-CA\",\"potentialAction\":[{\"@type\":\"ReadAction\",\"target\":[\"https:\\\/\\\/www.yorku.ca\\\/yfile\\\/2025\\\/09\\\/05\\\/le-18-septembre-joignez-vous-a-la-communaute-de-york-pour-une-conversation-communautaire\\\/\"]}]},{\"@type\":\"ImageObject\",\"inLanguage\":\"en-CA\",\"@id\":\"https:\\\/\\\/www.yorku.ca\\\/yfile\\\/2025\\\/09\\\/05\\\/le-18-septembre-joignez-vous-a-la-communaute-de-york-pour-une-conversation-communautaire\\\/#primaryimage\",\"url\":\"https:\\\/\\\/www.yorku.ca\\\/yfile\\\/wp-content\\\/uploads\\\/sites\\\/889\\\/2024\\\/04\\\/two-york-students-smiling-and-talking-on-campus-BANNER-scaled-1.jpg\",\"contentUrl\":\"https:\\\/\\\/www.yorku.ca\\\/yfile\\\/wp-content\\\/uploads\\\/sites\\\/889\\\/2024\\\/04\\\/two-york-students-smiling-and-talking-on-campus-BANNER-scaled-1.jpg\",\"width\":2560,\"height\":853,\"caption\":\"two york students smiling and talking on campus BANNER\"},{\"@type\":\"BreadcrumbList\",\"@id\":\"https:\\\/\\\/www.yorku.ca\\\/yfile\\\/2025\\\/09\\\/05\\\/le-18-septembre-joignez-vous-a-la-communaute-de-york-pour-une-conversation-communautaire\\\/#breadcrumb\",\"itemListElement\":[{\"@type\":\"ListItem\",\"position\":1,\"name\":\"Home\",\"item\":\"https:\\\/\\\/www.yorku.ca\\\/yfile\\\/\"},{\"@type\":\"ListItem\",\"position\":2,\"name\":\"Le 18 septembre, joignez-vous \u00e0 la communaut\u00e9 de York pour une conversation communautaire\u00a0\"}]},{\"@type\":\"WebSite\",\"@id\":\"https:\\\/\\\/www.yorku.ca\\\/yfile\\\/#website\",\"url\":\"https:\\\/\\\/www.yorku.ca\\\/yfile\\\/\",\"name\":\"YFile\",\"description\":\"\",\"potentialAction\":[{\"@type\":\"SearchAction\",\"target\":{\"@type\":\"EntryPoint\",\"urlTemplate\":\"https:\\\/\\\/www.yorku.ca\\\/yfile\\\/?s={search_term_string}\"},\"query-input\":{\"@type\":\"PropertyValueSpecification\",\"valueRequired\":true,\"valueName\":\"search_term_string\"}}],\"inLanguage\":\"en-CA\"},{\"@type\":\"Person\",\"@id\":\"https:\\\/\\\/www.yorku.ca\\\/yfile\\\/#\\\/schema\\\/person\\\/c31100c4bc540ab4f738557fdc4232d6\",\"name\":\"ashleygc\",\"image\":{\"@type\":\"ImageObject\",\"inLanguage\":\"en-CA\",\"@id\":\"https:\\\/\\\/secure.gravatar.com\\\/avatar\\\/29c936e1b9ea858bc3a60b4e624751572a1d0582545fc64ca5adcc2adc837d6e?s=96&d=mm&r=g\",\"url\":\"https:\\\/\\\/secure.gravatar.com\\\/avatar\\\/29c936e1b9ea858bc3a60b4e624751572a1d0582545fc64ca5adcc2adc837d6e?s=96&d=mm&r=g\",\"contentUrl\":\"https:\\\/\\\/secure.gravatar.com\\\/avatar\\\/29c936e1b9ea858bc3a60b4e624751572a1d0582545fc64ca5adcc2adc837d6e?s=96&d=mm&r=g\",\"caption\":\"ashleygc\"},\"url\":\"https:\\\/\\\/www.yorku.ca\\\/yfile\\\/author\\\/ashleygc\\\/\"}]}<\/script>\n<!-- \/ Yoast SEO plugin. -->","yoast_head_json":{"title":"Le 18 septembre, joignez-vous \u00e0 la communaut\u00e9 de York pour une conversation communautaire\u00a0 - YFile","robots":{"index":"index","follow":"follow","max-snippet":"max-snippet:-1","max-image-preview":"max-image-preview:large","max-video-preview":"max-video-preview:-1"},"canonical":"https:\/\/www.yorku.ca\/yfile\/2025\/09\/05\/le-18-septembre-joignez-vous-a-la-communaute-de-york-pour-une-conversation-communautaire\/","og_locale":"en_US","og_type":"article","og_title":"Le 18 septembre, joignez-vous \u00e0 la communaut\u00e9 de York pour une conversation communautaire\u00a0 - YFile","og_description":"Chers membres de la communaut\u00e9 de York,&nbsp; Au nom de la pr\u00e9sidente et vice-chanceli\u00e8re Rhonda Lenton, nous vous invitons \u00e0 participer \u00e0 la conversation communautaire d\u2019automne&nbsp;2025 de la pr\u00e9sidente. Les membres de l\u2019\u00e9quipe de direction et la pr\u00e9sidente Lenton feront le point sur des initiatives importantes men\u00e9es \u00e0 York. Les membres du corps professoral, du [&hellip;]","og_url":"https:\/\/www.yorku.ca\/yfile\/2025\/09\/05\/le-18-septembre-joignez-vous-a-la-communaute-de-york-pour-une-conversation-communautaire\/","og_site_name":"YFile","article_published_time":"2025-09-05T17:29:09+00:00","article_modified_time":"2025-09-05T21:06:21+00:00","og_image":[{"width":2560,"height":853,"url":"https:\/\/www.yorku.ca\/yfile\/wp-content\/uploads\/sites\/889\/2024\/04\/two-york-students-smiling-and-talking-on-campus-BANNER-scaled-1.jpg","type":"image\/jpeg"}],"author":"ashleygc","twitter_card":"summary_large_image","twitter_misc":{"Written by":"ashleygc","Est. reading time":"2 minutes"},"schema":{"@context":"https:\/\/schema.org","@graph":[{"@type":"Article","@id":"https:\/\/www.yorku.ca\/yfile\/2025\/09\/05\/le-18-septembre-joignez-vous-a-la-communaute-de-york-pour-une-conversation-communautaire\/#article","isPartOf":{"@id":"https:\/\/www.yorku.ca\/yfile\/2025\/09\/05\/le-18-septembre-joignez-vous-a-la-communaute-de-york-pour-une-conversation-communautaire\/"},"author":{"name":"ashleygc","@id":"https:\/\/www.yorku.ca\/yfile\/#\/schema\/person\/c31100c4bc540ab4f738557fdc4232d6"},"headline":"Le 18 septembre, joignez-vous \u00e0 la communaut\u00e9 de York pour une conversation communautaire\u00a0","datePublished":"2025-09-05T17:29:09+00:00","dateModified":"2025-09-05T21:06:21+00:00","mainEntityOfPage":{"@id":"https:\/\/www.yorku.ca\/yfile\/2025\/09\/05\/le-18-septembre-joignez-vous-a-la-communaute-de-york-pour-une-conversation-communautaire\/"},"wordCount":281,"image":{"@id":"https:\/\/www.yorku.ca\/yfile\/2025\/09\/05\/le-18-septembre-joignez-vous-a-la-communaute-de-york-pour-une-conversation-communautaire\/#primaryimage"},"thumbnailUrl":"https:\/\/www.yorku.ca\/yfile\/wp-content\/uploads\/sites\/889\/2024\/04\/two-york-students-smiling-and-talking-on-campus-BANNER-scaled-1.jpg","keywords":["YFile"],"articleSection":["Fran\u00e7ais"],"inLanguage":"en-CA","copyrightYear":"2025","copyrightHolder":{"@id":"https:\/\/www.yorku.ca\/yfile\/#organization"}},{"@type":"WebPage","@id":"https:\/\/www.yorku.ca\/yfile\/2025\/09\/05\/le-18-septembre-joignez-vous-a-la-communaute-de-york-pour-une-conversation-communautaire\/","url":"https:\/\/www.yorku.ca\/yfile\/2025\/09\/05\/le-18-septembre-joignez-vous-a-la-communaute-de-york-pour-une-conversation-communautaire\/","name":"Le 18 septembre, joignez-vous \u00e0 la communaut\u00e9 de York pour une conversation communautaire\u00a0 - YFile","isPartOf":{"@id":"https:\/\/www.yorku.ca\/yfile\/#website"},"primaryImageOfPage":{"@id":"https:\/\/www.yorku.ca\/yfile\/2025\/09\/05\/le-18-septembre-joignez-vous-a-la-communaute-de-york-pour-une-conversation-communautaire\/#primaryimage"},"image":{"@id":"https:\/\/www.yorku.ca\/yfile\/2025\/09\/05\/le-18-septembre-joignez-vous-a-la-communaute-de-york-pour-une-conversation-communautaire\/#primaryimage"},"thumbnailUrl":"https:\/\/www.yorku.ca\/yfile\/wp-content\/uploads\/sites\/889\/2024\/04\/two-york-students-smiling-and-talking-on-campus-BANNER-scaled-1.jpg","datePublished":"2025-09-05T17:29:09+00:00","dateModified":"2025-09-05T21:06:21+00:00","author":{"@id":"https:\/\/www.yorku.ca\/yfile\/#\/schema\/person\/c31100c4bc540ab4f738557fdc4232d6"},"breadcrumb":{"@id":"https:\/\/www.yorku.ca\/yfile\/2025\/09\/05\/le-18-septembre-joignez-vous-a-la-communaute-de-york-pour-une-conversation-communautaire\/#breadcrumb"},"inLanguage":"en-CA","potentialAction":[{"@type":"ReadAction","target":["https:\/\/www.yorku.ca\/yfile\/2025\/09\/05\/le-18-septembre-joignez-vous-a-la-communaute-de-york-pour-une-conversation-communautaire\/"]}]},{"@type":"ImageObject","inLanguage":"en-CA","@id":"https:\/\/www.yorku.ca\/yfile\/2025\/09\/05\/le-18-septembre-joignez-vous-a-la-communaute-de-york-pour-une-conversation-communautaire\/#primaryimage","url":"https:\/\/www.yorku.ca\/yfile\/wp-content\/uploads\/sites\/889\/2024\/04\/two-york-students-smiling-and-talking-on-campus-BANNER-scaled-1.jpg","contentUrl":"https:\/\/www.yorku.ca\/yfile\/wp-content\/uploads\/sites\/889\/2024\/04\/two-york-students-smiling-and-talking-on-campus-BANNER-scaled-1.jpg","width":2560,"height":853,"caption":"two york students smiling and talking on campus BANNER"},{"@type":"BreadcrumbList","@id":"https:\/\/www.yorku.ca\/yfile\/2025\/09\/05\/le-18-septembre-joignez-vous-a-la-communaute-de-york-pour-une-conversation-communautaire\/#breadcrumb","itemListElement":[{"@type":"ListItem","position":1,"name":"Home","item":"https:\/\/www.yorku.ca\/yfile\/"},{"@type":"ListItem","position":2,"name":"Le 18 septembre, joignez-vous \u00e0 la communaut\u00e9 de York pour une conversation communautaire\u00a0"}]},{"@type":"WebSite","@id":"https:\/\/www.yorku.ca\/yfile\/#website","url":"https:\/\/www.yorku.ca\/yfile\/","name":"YFile","description":"","potentialAction":[{"@type":"SearchAction","target":{"@type":"EntryPoint","urlTemplate":"https:\/\/www.yorku.ca\/yfile\/?s={search_term_string}"},"query-input":{"@type":"PropertyValueSpecification","valueRequired":true,"valueName":"search_term_string"}}],"inLanguage":"en-CA"},{"@type":"Person","@id":"https:\/\/www.yorku.ca\/yfile\/#\/schema\/person\/c31100c4bc540ab4f738557fdc4232d6","name":"ashleygc","image":{"@type":"ImageObject","inLanguage":"en-CA","@id":"https:\/\/secure.gravatar.com\/avatar\/29c936e1b9ea858bc3a60b4e624751572a1d0582545fc64ca5adcc2adc837d6e?s=96&d=mm&r=g","url":"https:\/\/secure.gravatar.com\/avatar\/29c936e1b9ea858bc3a60b4e624751572a1d0582545fc64ca5adcc2adc837d6e?s=96&d=mm&r=g","contentUrl":"https:\/\/secure.gravatar.com\/avatar\/29c936e1b9ea858bc3a60b4e624751572a1d0582545fc64ca5adcc2adc837d6e?s=96&d=mm&r=g","caption":"ashleygc"},"url":"https:\/\/www.yorku.ca\/yfile\/author\/ashleygc\/"}]}},"taxonomy_info":{"category":[{"value":181,"label":"Fran\u00e7ais"}],"post_tag":[{"value":4,"label":"YFile"}],"yfileauthor":[{"value":204,"label":"YFile Staff"}]},"featured_image_src_large":["https:\/\/www.yorku.ca\/yfile\/wp-content\/uploads\/sites\/889\/2024\/04\/two-york-students-smiling-and-talking-on-campus-BANNER-scaled-1-1024x341.jpg",1024,341,true],"author_info":{"display_name":"ashleygc","author_link":"https:\/\/www.yorku.ca\/yfile\/author\/ashleygc\/"},"comment_info":0,"category_info":[{"term_id":181,"name":"Fran\u00e7ais","slug":"francais","term_group":0,"term_taxonomy_id":181,"taxonomy":"category","description":"Institutional news and announcements in French.","parent":0,"count":87,"filter":"raw","cat_ID":181,"category_count":87,"category_description":"Institutional news and announcements in French.","cat_name":"Fran\u00e7ais","category_nicename":"francais","category_parent":0}],"tag_info":[{"term_id":4,"name":"YFile","slug":"yfile","term_group":0,"term_taxonomy_id":4,"taxonomy":"post_tag","description":"","parent":0,"count":5305,"filter":"raw"}],"_links":{"self":[{"href":"https:\/\/www.yorku.ca\/yfile\/wp-json\/wp\/v2\/posts\/398702","targetHints":{"allow":["GET"]}}],"collection":[{"href":"https:\/\/www.yorku.ca\/yfile\/wp-json\/wp\/v2\/posts"}],"about":[{"href":"https:\/\/www.yorku.ca\/yfile\/wp-json\/wp\/v2\/types\/post"}],"author":[{"embeddable":true,"href":"https:\/\/www.yorku.ca\/yfile\/wp-json\/wp\/v2\/users\/2386"}],"replies":[{"embeddable":true,"href":"https:\/\/www.yorku.ca\/yfile\/wp-json\/wp\/v2\/comments?post=398702"}],"version-history":[{"count":5,"href":"https:\/\/www.yorku.ca\/yfile\/wp-json\/wp\/v2\/posts\/398702\/revisions"}],"predecessor-version":[{"id":398814,"href":"https:\/\/www.yorku.ca\/yfile\/wp-json\/wp\/v2\/posts\/398702\/revisions\/398814"}],"wp:featuredmedia":[{"embeddable":true,"href":"https:\/\/www.yorku.ca\/yfile\/wp-json\/wp\/v2\/media\/353199"}],"wp:attachment":[{"href":"https:\/\/www.yorku.ca\/yfile\/wp-json\/wp\/v2\/media?parent=398702"}],"wp:term":[{"taxonomy":"category","embeddable":true,"href":"https:\/\/www.yorku.ca\/yfile\/wp-json\/wp\/v2\/categories?post=398702"},{"taxonomy":"post_tag","embeddable":true,"href":"https:\/\/www.yorku.ca\/yfile\/wp-json\/wp\/v2\/tags?post=398702"},{"taxonomy":"yfileauthor","embeddable":true,"href":"https:\/\/www.yorku.ca\/yfile\/wp-json\/wp\/v2\/yfileauthor?post=398702"},{"taxonomy":"qualifier","embeddable":true,"href":"https:\/\/www.yorku.ca\/yfile\/wp-json\/wp\/v2\/qualifier?post=398702"},{"taxonomy":"yfile-author","embeddable":true,"href":"https:\/\/www.yorku.ca\/yfile\/wp-json\/wp\/v2\/yfile-author?post=398702"},{"taxonomy":"tags-to-show","embeddable":true,"href":"https:\/\/www.yorku.ca\/yfile\/wp-json\/wp\/v2\/tags-to-show?post=398702"},{"taxonomy":"workflow","embeddable":true,"href":"https:\/\/www.yorku.ca\/yfile\/wp-json\/wp\/v2\/workflow?post=398702"}],"curies":[{"name":"wp","href":"https:\/\/api.w.org\/{rel}","templated":true}]}}