  {"id":373543,"date":"2025-03-07T15:28:01","date_gmt":"2025-03-07T20:28:01","guid":{"rendered":"https:\/\/www.yorku.ca\/yfile\/?p=373543"},"modified":"2025-03-07T15:28:02","modified_gmt":"2025-03-07T20:28:02","slug":"soyez-des-notres-pour-celebrer-la-journee-des-couleurs-de-york","status":"publish","type":"post","link":"https:\/\/www.yorku.ca\/yfile\/2025\/03\/07\/soyez-des-notres-pour-celebrer-la-journee-des-couleurs-de-york\/","title":{"rendered":"Soyez des n\u00f4tres pour c\u00e9l\u00e9brer la Journ\u00e9e des couleurs de York"},"content":{"rendered":"\n<p>Chers membres de la communaut\u00e9 de York,<\/p>\n\n\n\n<p>J\u2019ai le plaisir de vous inviter \u00e0 la Journ\u00e9e des couleurs de l\u2019Universit\u00e9 York, le<strong> mercredi&nbsp;26&nbsp;mars, de 10&nbsp;h \u00e0 16&nbsp;h.<\/strong><strong><\/strong><\/p>\n\n\n\n<p>La Journ\u00e9e des couleurs (anciennement appel\u00e9e jour Rouge et blanc) est l\u2019occasion pour tous les membres de la communaut\u00e9 de York de se rassembler, de faire de nouvelles rencontres et de souligner les contributions de tout le monde.<\/p>\n\n\n\n<p>Cette ann\u00e9e, la Journ\u00e9e des couleurs co\u00efncide avec l\u2019anniversaire de la fondation de l\u2019Universit\u00e9 York en 1959 et elle se d\u00e9roulera sur trois campus pour la premi\u00e8re fois :&nbsp; Keele, Glendon et notre nouveau campus \u00e0 Markham.<\/p>\n\n\n\n<p>Que vous soyez membre de la communaut\u00e9 \u00e9tudiante, du personnel, de la communaut\u00e9 des dipl\u00f4m\u00e9s ou du corps professoral ou enseignant, je vous invite \u00e0 participer \u00e0 l\u2019un des nombreux \u00e9v\u00e9nements, activit\u00e9s, jeux et concours pr\u00e9vus.<\/p>\n\n\n\n<p>Veuillez consulter le <a href=\"https:\/\/www.yorku.ca\/events\/spiritday\/\" target=\"_blank\" rel=\"noreferrer noopener\">site Web de la Journ\u00e9e des couleurs<\/a> pour acc\u00e9der \u00e0 la liste compl\u00e8te des activit\u00e9s, et n\u2019oubliez pas de porter fi\u00e8rement les couleurs rouge, blanc ou bleu de l\u2019Universit\u00e9.<\/p>\n\n\n\n<p>J\u2019ai h\u00e2te de me joindre \u00e0 vous pour c\u00e9l\u00e9brer l\u2019excellence et l\u2019\u00e9nergie de notre communaut\u00e9.<\/p>\n\n\n\n<p>Sinc\u00e8res salutations,&nbsp;<\/p>\n\n\n\n<p><strong>Rhonda Lenton<br>Pr\u00e9sidente et vice-chanceli\u00e8re<\/strong><\/p>\n","protected":false},"excerpt":{"rendered":"<p>Chers membres de la communaut\u00e9 de York, J\u2019ai le plaisir de vous inviter \u00e0 la Journ\u00e9e des couleurs de l\u2019Universit\u00e9 York, le mercredi&nbsp;26&nbsp;mars, de 10&nbsp;h \u00e0 16&nbsp;h. La Journ\u00e9e des couleurs (anciennement appel\u00e9e jour Rouge et blanc) est l\u2019occasion pour tous les membres de la communaut\u00e9 de York de se rassembler, de faire de nouvelles [&hellip;]<\/p>\n","protected":false},"author":2386,"featured_media":373547,"comment_status":"closed","ping_status":"closed","sticky":false,"template":"","format":"standard","meta":{"_acf_changed":false,"_kad_blocks_custom_css":"","_kad_blocks_head_custom_js":"","_kad_blocks_body_custom_js":"","_kad_blocks_footer_custom_js":"","footnotes":""},"categories":[181],"tags":[29,34,6,27,12,4],"yfileauthor":[204],"qualifier":[],"yfile-author":[],"tags-to-show":[145,197,148,146],"workflow":[],"class_list":["post-373543","post","type-post","status-publish","format-standard","has-post-thumbnail","hentry","category-francais","tag-community","tag-events","tag-faculty","tag-staff","tag-students","tag-yfile","yfileauthor-yfilestaff","tags-to-show-community","tags-to-show-events","tags-to-show-staff","tags-to-show-students"],"acf":{"internal_publish_date":null,"original_image":null},"yoast_head":"<!-- This site is optimized with the Yoast SEO plugin v27.4 - https:\/\/yoast.com\/product\/yoast-seo-wordpress\/ -->\n<title>Soyez des n\u00f4tres pour c\u00e9l\u00e9brer la Journ\u00e9e des couleurs de York - YFile<\/title>\n<meta name=\"robots\" content=\"index, follow, max-snippet:-1, max-image-preview:large, max-video-preview:-1\" \/>\n<link rel=\"canonical\" href=\"https:\/\/www.yorku.ca\/yfile\/2025\/03\/07\/soyez-des-notres-pour-celebrer-la-journee-des-couleurs-de-york\/\" \/>\n<meta property=\"og:locale\" content=\"en_US\" \/>\n<meta property=\"og:type\" content=\"article\" \/>\n<meta property=\"og:title\" content=\"Soyez des n\u00f4tres pour c\u00e9l\u00e9brer la Journ\u00e9e des couleurs de York - YFile\" \/>\n<meta property=\"og:description\" content=\"Chers membres de la communaut\u00e9 de York, J\u2019ai le plaisir de vous inviter \u00e0 la Journ\u00e9e des couleurs de l\u2019Universit\u00e9 York, le mercredi&nbsp;26&nbsp;mars, de 10&nbsp;h \u00e0 16&nbsp;h. La Journ\u00e9e des couleurs (anciennement appel\u00e9e jour Rouge et blanc) est l\u2019occasion pour tous les membres de la communaut\u00e9 de York de se rassembler, de faire de nouvelles [&hellip;]\" \/>\n<meta property=\"og:url\" content=\"https:\/\/www.yorku.ca\/yfile\/2025\/03\/07\/soyez-des-notres-pour-celebrer-la-journee-des-couleurs-de-york\/\" \/>\n<meta property=\"og:site_name\" content=\"YFile\" \/>\n<meta property=\"article:published_time\" content=\"2025-03-07T20:28:01+00:00\" \/>\n<meta property=\"article:modified_time\" content=\"2025-03-07T20:28:02+00:00\" \/>\n<meta property=\"og:image\" content=\"https:\/\/www.yorku.ca\/yfile\/wp-content\/uploads\/sites\/889\/2025\/03\/FBXLI_BIL-scaled-e1741366767921.jpg\" \/>\n\t<meta property=\"og:image:width\" content=\"2342\" \/>\n\t<meta property=\"og:image:height\" content=\"780\" \/>\n\t<meta property=\"og:image:type\" content=\"image\/jpeg\" \/>\n<meta name=\"author\" content=\"ashleygc\" \/>\n<meta name=\"twitter:card\" content=\"summary_large_image\" \/>\n<meta name=\"twitter:label1\" content=\"Written by\" \/>\n\t<meta name=\"twitter:data1\" content=\"ashleygc\" \/>\n\t<meta name=\"twitter:label2\" content=\"Est. reading time\" \/>\n\t<meta name=\"twitter:data2\" content=\"2 minutes\" \/>\n<script type=\"application\/ld+json\" class=\"yoast-schema-graph\">{\"@context\":\"https:\\\/\\\/schema.org\",\"@graph\":[{\"@type\":\"Article\",\"@id\":\"https:\\\/\\\/www.yorku.ca\\\/yfile\\\/2025\\\/03\\\/07\\\/soyez-des-notres-pour-celebrer-la-journee-des-couleurs-de-york\\\/#article\",\"isPartOf\":{\"@id\":\"https:\\\/\\\/www.yorku.ca\\\/yfile\\\/2025\\\/03\\\/07\\\/soyez-des-notres-pour-celebrer-la-journee-des-couleurs-de-york\\\/\"},\"author\":{\"name\":\"ashleygc\",\"@id\":\"https:\\\/\\\/www.yorku.ca\\\/yfile\\\/#\\\/schema\\\/person\\\/c31100c4bc540ab4f738557fdc4232d6\"},\"headline\":\"Soyez des n\u00f4tres pour c\u00e9l\u00e9brer la Journ\u00e9e des couleurs de York\",\"datePublished\":\"2025-03-07T20:28:01+00:00\",\"dateModified\":\"2025-03-07T20:28:02+00:00\",\"mainEntityOfPage\":{\"@id\":\"https:\\\/\\\/www.yorku.ca\\\/yfile\\\/2025\\\/03\\\/07\\\/soyez-des-notres-pour-celebrer-la-journee-des-couleurs-de-york\\\/\"},\"wordCount\":239,\"image\":{\"@id\":\"https:\\\/\\\/www.yorku.ca\\\/yfile\\\/2025\\\/03\\\/07\\\/soyez-des-notres-pour-celebrer-la-journee-des-couleurs-de-york\\\/#primaryimage\"},\"thumbnailUrl\":\"https:\\\/\\\/www.yorku.ca\\\/yfile\\\/wp-content\\\/uploads\\\/sites\\\/889\\\/2025\\\/03\\\/FBXLI_BIL-scaled-e1741366767921.jpg\",\"keywords\":[\"Community\",\"Events\",\"Faculty\",\"Staff\",\"Students\",\"YFile\"],\"articleSection\":[\"Fran\u00e7ais\"],\"inLanguage\":\"en-CA\",\"copyrightYear\":\"2025\",\"copyrightHolder\":{\"@id\":\"https:\\\/\\\/www.yorku.ca\\\/yfile\\\/#organization\"}},{\"@type\":\"WebPage\",\"@id\":\"https:\\\/\\\/www.yorku.ca\\\/yfile\\\/2025\\\/03\\\/07\\\/soyez-des-notres-pour-celebrer-la-journee-des-couleurs-de-york\\\/\",\"url\":\"https:\\\/\\\/www.yorku.ca\\\/yfile\\\/2025\\\/03\\\/07\\\/soyez-des-notres-pour-celebrer-la-journee-des-couleurs-de-york\\\/\",\"name\":\"Soyez des n\u00f4tres pour c\u00e9l\u00e9brer la Journ\u00e9e des couleurs de York - YFile\",\"isPartOf\":{\"@id\":\"https:\\\/\\\/www.yorku.ca\\\/yfile\\\/#website\"},\"primaryImageOfPage\":{\"@id\":\"https:\\\/\\\/www.yorku.ca\\\/yfile\\\/2025\\\/03\\\/07\\\/soyez-des-notres-pour-celebrer-la-journee-des-couleurs-de-york\\\/#primaryimage\"},\"image\":{\"@id\":\"https:\\\/\\\/www.yorku.ca\\\/yfile\\\/2025\\\/03\\\/07\\\/soyez-des-notres-pour-celebrer-la-journee-des-couleurs-de-york\\\/#primaryimage\"},\"thumbnailUrl\":\"https:\\\/\\\/www.yorku.ca\\\/yfile\\\/wp-content\\\/uploads\\\/sites\\\/889\\\/2025\\\/03\\\/FBXLI_BIL-scaled-e1741366767921.jpg\",\"datePublished\":\"2025-03-07T20:28:01+00:00\",\"dateModified\":\"2025-03-07T20:28:02+00:00\",\"author\":{\"@id\":\"https:\\\/\\\/www.yorku.ca\\\/yfile\\\/#\\\/schema\\\/person\\\/c31100c4bc540ab4f738557fdc4232d6\"},\"breadcrumb\":{\"@id\":\"https:\\\/\\\/www.yorku.ca\\\/yfile\\\/2025\\\/03\\\/07\\\/soyez-des-notres-pour-celebrer-la-journee-des-couleurs-de-york\\\/#breadcrumb\"},\"inLanguage\":\"en-CA\",\"potentialAction\":[{\"@type\":\"ReadAction\",\"target\":[\"https:\\\/\\\/www.yorku.ca\\\/yfile\\\/2025\\\/03\\\/07\\\/soyez-des-notres-pour-celebrer-la-journee-des-couleurs-de-york\\\/\"]}]},{\"@type\":\"ImageObject\",\"inLanguage\":\"en-CA\",\"@id\":\"https:\\\/\\\/www.yorku.ca\\\/yfile\\\/2025\\\/03\\\/07\\\/soyez-des-notres-pour-celebrer-la-journee-des-couleurs-de-york\\\/#primaryimage\",\"url\":\"https:\\\/\\\/www.yorku.ca\\\/yfile\\\/wp-content\\\/uploads\\\/sites\\\/889\\\/2025\\\/03\\\/FBXLI_BIL-scaled-e1741366767921.jpg\",\"contentUrl\":\"https:\\\/\\\/www.yorku.ca\\\/yfile\\\/wp-content\\\/uploads\\\/sites\\\/889\\\/2025\\\/03\\\/FBXLI_BIL-scaled-e1741366767921.jpg\",\"width\":2342,\"height\":780,\"caption\":\"Spirit Day french\"},{\"@type\":\"BreadcrumbList\",\"@id\":\"https:\\\/\\\/www.yorku.ca\\\/yfile\\\/2025\\\/03\\\/07\\\/soyez-des-notres-pour-celebrer-la-journee-des-couleurs-de-york\\\/#breadcrumb\",\"itemListElement\":[{\"@type\":\"ListItem\",\"position\":1,\"name\":\"Home\",\"item\":\"https:\\\/\\\/www.yorku.ca\\\/yfile\\\/\"},{\"@type\":\"ListItem\",\"position\":2,\"name\":\"Soyez des n\u00f4tres pour c\u00e9l\u00e9brer la Journ\u00e9e des couleurs de York\"}]},{\"@type\":\"WebSite\",\"@id\":\"https:\\\/\\\/www.yorku.ca\\\/yfile\\\/#website\",\"url\":\"https:\\\/\\\/www.yorku.ca\\\/yfile\\\/\",\"name\":\"YFile\",\"description\":\"\",\"potentialAction\":[{\"@type\":\"SearchAction\",\"target\":{\"@type\":\"EntryPoint\",\"urlTemplate\":\"https:\\\/\\\/www.yorku.ca\\\/yfile\\\/?s={search_term_string}\"},\"query-input\":{\"@type\":\"PropertyValueSpecification\",\"valueRequired\":true,\"valueName\":\"search_term_string\"}}],\"inLanguage\":\"en-CA\"},{\"@type\":\"Person\",\"@id\":\"https:\\\/\\\/www.yorku.ca\\\/yfile\\\/#\\\/schema\\\/person\\\/c31100c4bc540ab4f738557fdc4232d6\",\"name\":\"ashleygc\",\"image\":{\"@type\":\"ImageObject\",\"inLanguage\":\"en-CA\",\"@id\":\"https:\\\/\\\/secure.gravatar.com\\\/avatar\\\/29c936e1b9ea858bc3a60b4e624751572a1d0582545fc64ca5adcc2adc837d6e?s=96&d=mm&r=g\",\"url\":\"https:\\\/\\\/secure.gravatar.com\\\/avatar\\\/29c936e1b9ea858bc3a60b4e624751572a1d0582545fc64ca5adcc2adc837d6e?s=96&d=mm&r=g\",\"contentUrl\":\"https:\\\/\\\/secure.gravatar.com\\\/avatar\\\/29c936e1b9ea858bc3a60b4e624751572a1d0582545fc64ca5adcc2adc837d6e?s=96&d=mm&r=g\",\"caption\":\"ashleygc\"},\"url\":\"https:\\\/\\\/www.yorku.ca\\\/yfile\\\/author\\\/ashleygc\\\/\"}]}<\/script>\n<!-- \/ Yoast SEO plugin. -->","yoast_head_json":{"title":"Soyez des n\u00f4tres pour c\u00e9l\u00e9brer la Journ\u00e9e des couleurs de York - YFile","robots":{"index":"index","follow":"follow","max-snippet":"max-snippet:-1","max-image-preview":"max-image-preview:large","max-video-preview":"max-video-preview:-1"},"canonical":"https:\/\/www.yorku.ca\/yfile\/2025\/03\/07\/soyez-des-notres-pour-celebrer-la-journee-des-couleurs-de-york\/","og_locale":"en_US","og_type":"article","og_title":"Soyez des n\u00f4tres pour c\u00e9l\u00e9brer la Journ\u00e9e des couleurs de York - YFile","og_description":"Chers membres de la communaut\u00e9 de York, J\u2019ai le plaisir de vous inviter \u00e0 la Journ\u00e9e des couleurs de l\u2019Universit\u00e9 York, le mercredi&nbsp;26&nbsp;mars, de 10&nbsp;h \u00e0 16&nbsp;h. La Journ\u00e9e des couleurs (anciennement appel\u00e9e jour Rouge et blanc) est l\u2019occasion pour tous les membres de la communaut\u00e9 de York de se rassembler, de faire de nouvelles [&hellip;]","og_url":"https:\/\/www.yorku.ca\/yfile\/2025\/03\/07\/soyez-des-notres-pour-celebrer-la-journee-des-couleurs-de-york\/","og_site_name":"YFile","article_published_time":"2025-03-07T20:28:01+00:00","article_modified_time":"2025-03-07T20:28:02+00:00","og_image":[{"width":2342,"height":780,"url":"https:\/\/www.yorku.ca\/yfile\/wp-content\/uploads\/sites\/889\/2025\/03\/FBXLI_BIL-scaled-e1741366767921.jpg","type":"image\/jpeg"}],"author":"ashleygc","twitter_card":"summary_large_image","twitter_misc":{"Written by":"ashleygc","Est. reading time":"2 minutes"},"schema":{"@context":"https:\/\/schema.org","@graph":[{"@type":"Article","@id":"https:\/\/www.yorku.ca\/yfile\/2025\/03\/07\/soyez-des-notres-pour-celebrer-la-journee-des-couleurs-de-york\/#article","isPartOf":{"@id":"https:\/\/www.yorku.ca\/yfile\/2025\/03\/07\/soyez-des-notres-pour-celebrer-la-journee-des-couleurs-de-york\/"},"author":{"name":"ashleygc","@id":"https:\/\/www.yorku.ca\/yfile\/#\/schema\/person\/c31100c4bc540ab4f738557fdc4232d6"},"headline":"Soyez des n\u00f4tres pour c\u00e9l\u00e9brer la Journ\u00e9e des couleurs de York","datePublished":"2025-03-07T20:28:01+00:00","dateModified":"2025-03-07T20:28:02+00:00","mainEntityOfPage":{"@id":"https:\/\/www.yorku.ca\/yfile\/2025\/03\/07\/soyez-des-notres-pour-celebrer-la-journee-des-couleurs-de-york\/"},"wordCount":239,"image":{"@id":"https:\/\/www.yorku.ca\/yfile\/2025\/03\/07\/soyez-des-notres-pour-celebrer-la-journee-des-couleurs-de-york\/#primaryimage"},"thumbnailUrl":"https:\/\/www.yorku.ca\/yfile\/wp-content\/uploads\/sites\/889\/2025\/03\/FBXLI_BIL-scaled-e1741366767921.jpg","keywords":["Community","Events","Faculty","Staff","Students","YFile"],"articleSection":["Fran\u00e7ais"],"inLanguage":"en-CA","copyrightYear":"2025","copyrightHolder":{"@id":"https:\/\/www.yorku.ca\/yfile\/#organization"}},{"@type":"WebPage","@id":"https:\/\/www.yorku.ca\/yfile\/2025\/03\/07\/soyez-des-notres-pour-celebrer-la-journee-des-couleurs-de-york\/","url":"https:\/\/www.yorku.ca\/yfile\/2025\/03\/07\/soyez-des-notres-pour-celebrer-la-journee-des-couleurs-de-york\/","name":"Soyez des n\u00f4tres pour c\u00e9l\u00e9brer la Journ\u00e9e des couleurs de York - YFile","isPartOf":{"@id":"https:\/\/www.yorku.ca\/yfile\/#website"},"primaryImageOfPage":{"@id":"https:\/\/www.yorku.ca\/yfile\/2025\/03\/07\/soyez-des-notres-pour-celebrer-la-journee-des-couleurs-de-york\/#primaryimage"},"image":{"@id":"https:\/\/www.yorku.ca\/yfile\/2025\/03\/07\/soyez-des-notres-pour-celebrer-la-journee-des-couleurs-de-york\/#primaryimage"},"thumbnailUrl":"https:\/\/www.yorku.ca\/yfile\/wp-content\/uploads\/sites\/889\/2025\/03\/FBXLI_BIL-scaled-e1741366767921.jpg","datePublished":"2025-03-07T20:28:01+00:00","dateModified":"2025-03-07T20:28:02+00:00","author":{"@id":"https:\/\/www.yorku.ca\/yfile\/#\/schema\/person\/c31100c4bc540ab4f738557fdc4232d6"},"breadcrumb":{"@id":"https:\/\/www.yorku.ca\/yfile\/2025\/03\/07\/soyez-des-notres-pour-celebrer-la-journee-des-couleurs-de-york\/#breadcrumb"},"inLanguage":"en-CA","potentialAction":[{"@type":"ReadAction","target":["https:\/\/www.yorku.ca\/yfile\/2025\/03\/07\/soyez-des-notres-pour-celebrer-la-journee-des-couleurs-de-york\/"]}]},{"@type":"ImageObject","inLanguage":"en-CA","@id":"https:\/\/www.yorku.ca\/yfile\/2025\/03\/07\/soyez-des-notres-pour-celebrer-la-journee-des-couleurs-de-york\/#primaryimage","url":"https:\/\/www.yorku.ca\/yfile\/wp-content\/uploads\/sites\/889\/2025\/03\/FBXLI_BIL-scaled-e1741366767921.jpg","contentUrl":"https:\/\/www.yorku.ca\/yfile\/wp-content\/uploads\/sites\/889\/2025\/03\/FBXLI_BIL-scaled-e1741366767921.jpg","width":2342,"height":780,"caption":"Spirit Day french"},{"@type":"BreadcrumbList","@id":"https:\/\/www.yorku.ca\/yfile\/2025\/03\/07\/soyez-des-notres-pour-celebrer-la-journee-des-couleurs-de-york\/#breadcrumb","itemListElement":[{"@type":"ListItem","position":1,"name":"Home","item":"https:\/\/www.yorku.ca\/yfile\/"},{"@type":"ListItem","position":2,"name":"Soyez des n\u00f4tres pour c\u00e9l\u00e9brer la Journ\u00e9e des couleurs de York"}]},{"@type":"WebSite","@id":"https:\/\/www.yorku.ca\/yfile\/#website","url":"https:\/\/www.yorku.ca\/yfile\/","name":"YFile","description":"","potentialAction":[{"@type":"SearchAction","target":{"@type":"EntryPoint","urlTemplate":"https:\/\/www.yorku.ca\/yfile\/?s={search_term_string}"},"query-input":{"@type":"PropertyValueSpecification","valueRequired":true,"valueName":"search_term_string"}}],"inLanguage":"en-CA"},{"@type":"Person","@id":"https:\/\/www.yorku.ca\/yfile\/#\/schema\/person\/c31100c4bc540ab4f738557fdc4232d6","name":"ashleygc","image":{"@type":"ImageObject","inLanguage":"en-CA","@id":"https:\/\/secure.gravatar.com\/avatar\/29c936e1b9ea858bc3a60b4e624751572a1d0582545fc64ca5adcc2adc837d6e?s=96&d=mm&r=g","url":"https:\/\/secure.gravatar.com\/avatar\/29c936e1b9ea858bc3a60b4e624751572a1d0582545fc64ca5adcc2adc837d6e?s=96&d=mm&r=g","contentUrl":"https:\/\/secure.gravatar.com\/avatar\/29c936e1b9ea858bc3a60b4e624751572a1d0582545fc64ca5adcc2adc837d6e?s=96&d=mm&r=g","caption":"ashleygc"},"url":"https:\/\/www.yorku.ca\/yfile\/author\/ashleygc\/"}]}},"taxonomy_info":{"category":[{"value":181,"label":"Fran\u00e7ais"}],"post_tag":[{"value":29,"label":"Community"},{"value":34,"label":"Events"},{"value":6,"label":"Faculty"},{"value":27,"label":"Staff"},{"value":12,"label":"Students"},{"value":4,"label":"YFile"}],"yfileauthor":[{"value":204,"label":"YFile Staff"}],"tags-to-show":[{"value":145,"label":"Community"},{"value":197,"label":"Events"},{"value":148,"label":"Staff"},{"value":146,"label":"Students"}]},"featured_image_src_large":["https:\/\/www.yorku.ca\/yfile\/wp-content\/uploads\/sites\/889\/2025\/03\/FBXLI_BIL-scaled-e1741366767921-1024x341.jpg",1024,341,true],"author_info":{"display_name":"ashleygc","author_link":"https:\/\/www.yorku.ca\/yfile\/author\/ashleygc\/"},"comment_info":0,"category_info":[{"term_id":181,"name":"Fran\u00e7ais","slug":"francais","term_group":0,"term_taxonomy_id":181,"taxonomy":"category","description":"Institutional news and announcements in French.","parent":0,"count":87,"filter":"raw","cat_ID":181,"category_count":87,"category_description":"Institutional news and announcements in French.","cat_name":"Fran\u00e7ais","category_nicename":"francais","category_parent":0}],"tag_info":[{"term_id":29,"name":"Community","slug":"community","term_group":0,"term_taxonomy_id":29,"taxonomy":"post_tag","description":"","parent":0,"count":966,"filter":"raw"},{"term_id":34,"name":"Events","slug":"events","term_group":0,"term_taxonomy_id":34,"taxonomy":"post_tag","description":"","parent":0,"count":408,"filter":"raw"},{"term_id":6,"name":"Faculty","slug":"faculty","term_group":0,"term_taxonomy_id":6,"taxonomy":"post_tag","description":"","parent":0,"count":2009,"filter":"raw"},{"term_id":27,"name":"Staff","slug":"staff","term_group":0,"term_taxonomy_id":27,"taxonomy":"post_tag","description":"","parent":0,"count":597,"filter":"raw"},{"term_id":12,"name":"Students","slug":"students","term_group":0,"term_taxonomy_id":12,"taxonomy":"post_tag","description":"","parent":0,"count":1639,"filter":"raw"},{"term_id":4,"name":"YFile","slug":"yfile","term_group":0,"term_taxonomy_id":4,"taxonomy":"post_tag","description":"","parent":0,"count":5305,"filter":"raw"}],"_links":{"self":[{"href":"https:\/\/www.yorku.ca\/yfile\/wp-json\/wp\/v2\/posts\/373543","targetHints":{"allow":["GET"]}}],"collection":[{"href":"https:\/\/www.yorku.ca\/yfile\/wp-json\/wp\/v2\/posts"}],"about":[{"href":"https:\/\/www.yorku.ca\/yfile\/wp-json\/wp\/v2\/types\/post"}],"author":[{"embeddable":true,"href":"https:\/\/www.yorku.ca\/yfile\/wp-json\/wp\/v2\/users\/2386"}],"replies":[{"embeddable":true,"href":"https:\/\/www.yorku.ca\/yfile\/wp-json\/wp\/v2\/comments?post=373543"}],"version-history":[{"count":1,"href":"https:\/\/www.yorku.ca\/yfile\/wp-json\/wp\/v2\/posts\/373543\/revisions"}],"predecessor-version":[{"id":373544,"href":"https:\/\/www.yorku.ca\/yfile\/wp-json\/wp\/v2\/posts\/373543\/revisions\/373544"}],"wp:featuredmedia":[{"embeddable":true,"href":"https:\/\/www.yorku.ca\/yfile\/wp-json\/wp\/v2\/media\/373547"}],"wp:attachment":[{"href":"https:\/\/www.yorku.ca\/yfile\/wp-json\/wp\/v2\/media?parent=373543"}],"wp:term":[{"taxonomy":"category","embeddable":true,"href":"https:\/\/www.yorku.ca\/yfile\/wp-json\/wp\/v2\/categories?post=373543"},{"taxonomy":"post_tag","embeddable":true,"href":"https:\/\/www.yorku.ca\/yfile\/wp-json\/wp\/v2\/tags?post=373543"},{"taxonomy":"yfileauthor","embeddable":true,"href":"https:\/\/www.yorku.ca\/yfile\/wp-json\/wp\/v2\/yfileauthor?post=373543"},{"taxonomy":"qualifier","embeddable":true,"href":"https:\/\/www.yorku.ca\/yfile\/wp-json\/wp\/v2\/qualifier?post=373543"},{"taxonomy":"yfile-author","embeddable":true,"href":"https:\/\/www.yorku.ca\/yfile\/wp-json\/wp\/v2\/yfile-author?post=373543"},{"taxonomy":"tags-to-show","embeddable":true,"href":"https:\/\/www.yorku.ca\/yfile\/wp-json\/wp\/v2\/tags-to-show?post=373543"},{"taxonomy":"workflow","embeddable":true,"href":"https:\/\/www.yorku.ca\/yfile\/wp-json\/wp\/v2\/workflow?post=373543"}],"curies":[{"name":"wp","href":"https:\/\/api.w.org\/{rel}","templated":true}]}}