  {"id":363827,"date":"2024-09-04T09:45:23","date_gmt":"2024-09-04T13:45:23","guid":{"rendered":"https:\/\/www.yorku.ca\/yfile\/?p=363827"},"modified":"2024-09-04T09:45:39","modified_gmt":"2024-09-04T13:45:39","slug":"message-de-la-presidente-a-la-communaute-bienvenue-a-luniversite-york","status":"publish","type":"post","link":"https:\/\/www.yorku.ca\/yfile\/2024\/09\/04\/message-de-la-presidente-a-la-communaute-bienvenue-a-luniversite-york\/","title":{"rendered":"Message de la pr\u00e9sidente \u00e0 la communaut\u00e9 : bienvenue \u00e0 l\u2019Universit\u00e9 York!"},"content":{"rendered":"\n<p>Chers membres de la communaut\u00e9 de York,<\/p>\n\n\n\n<p>Bienvenue \u00e0 l\u2019ann\u00e9e universitaire&nbsp;2024-2025!<\/p>\n\n\n\n<p>Que ce soit votre premi\u00e8re rentr\u00e9e universitaire ou que vous poursuiviez vos \u00e9tudes, que vous fassiez partie du corps professoral, du corps enseignant ou du personnel, je suis ravie de vous compter parmi les membres de la communaut\u00e9 universitaire dynamique et vibrante de York qui comprend nos campus locaux Keele, Glendon et Markham et nos campus internationaux en Inde et au Costa Rica.<\/p>\n\n\n\n<figure class=\"wp-block-embed is-type-video is-provider-youtube wp-block-embed-youtube wp-embed-aspect-16-9 wp-has-aspect-ratio\"><div class=\"wp-block-embed__wrapper\">\n<iframe loading=\"lazy\" title=\"A Welcome Message from ¿ì²¥ÊÓÆµ President Rhonda Lenton (2024-25 Academic Year)\" width=\"1778\" height=\"1000\" src=\"https:\/\/www.youtube.com\/embed\/X4RRrwgnfdY?feature=oembed\" frameborder=\"0\" allow=\"accelerometer; autoplay; clipboard-write; encrypted-media; gyroscope; picture-in-picture; web-share\" referrerpolicy=\"strict-origin-when-cross-origin\" allowfullscreen><\/iframe>\n<\/div><\/figure>\n\n\n\n<p>York est une universit\u00e9 diversifi\u00e9e et accueillante qui attire des membres de la communaut\u00e9 de tous les horizons g\u00e9ographiques, sociaux et professionnels. Elle jouit d\u2019une renomm\u00e9e internationale en tant qu\u2019\u00e9tablissement polyvalent ax\u00e9 sur la recherche ayant pour ambition d\u2019offrir un avenir \u00e9cologiquement responsable aux habitants de notre plan\u00e8te. Nos efforts ont \u00e9t\u00e9 r\u00e9compens\u00e9s par le palmar\u00e8s <em>Times Higher Education<\/em> qui a class\u00e9 York parmi les 35\u00a0meilleures universit\u00e9s du monde entier pour la promotion des <a href=\"https:\/\/www.yorku.ca\/unsdgs\/?lang=fr\" target=\"_blank\" rel=\"noreferrer noopener\">objectifs de d\u00e9veloppement durable<\/a> des Nations Unies.<\/p>\n\n\n\n<p>Nous sommes \u00e9galement r\u00e9put\u00e9s pour nos programmes et nos recherches de pointe et interdisciplinaires qui combinent les atouts des arts et des sciences humaines, des programmes professionnels et des STIM. Nous avons \u00e9t\u00e9 l\u2019une des premi\u00e8res universit\u00e9s \u00e0 proposer des dipl\u00f4mes dans les domaines de l\u2019environnement, de la gestion des catastrophes et des situations d\u2019urgence, des techniques spatiales, de la sant\u00e9 mondiale et des m\u00e9dias num\u00e9riques, entre autres. Nous formons des leaders de tous les milieux qui tirent parti des connaissances, des relations et des comp\u00e9tences acquises \u00e0 York pour susciter des changements positifs.<\/p>\n\n\n\n<p>Nous traversons ind\u00e9niablement une p\u00e9riode volatile et incertaine. Le secteur de l\u2019enseignement postsecondaire fait face \u00e0 une baisse de revenus en raison du gel des frais de scolarit\u00e9 et du plafonnement des inscriptions nationales et internationales. Les conflits g\u00e9opolitiques ont des r\u00e9percussions consid\u00e9rables sur les membres de notre communaut\u00e9. Les grands d\u00e9fis mondiaux comme le changement climatique et l\u2019in\u00e9galit\u00e9 peuvent \u00eatre d\u00e9courageants. Il est plus important que jamais de tisser des liens avec d\u2019autres personnes. York est d\u00e9termin\u00e9e \u00e0 cr\u00e9er un environnement dans lequel tous les membres de sa communaut\u00e9 se sentent respect\u00e9s et capables de contribuer aux solutions indispensables pour r\u00e9soudre ces d\u00e9fis pressants et pour faire progresser le <a href=\"https:\/\/www.yorku.ca\/uap2020-25\/fr\/\" target=\"_blank\" rel=\"noreferrer noopener\">Plan acad\u00e9mique de l\u2019Universit\u00e9<\/a> et notre tout nouveau plan d\u2019action <a href=\"https:\/\/www.yorku.ca\/forward\/\" target=\"_blank\" rel=\"noreferrer noopener\">¿ì²¥ÊÓÆµ Forward<\/a>.<\/p>\n\n\n\n<p>J\u2019esp\u00e8re que vous serez \u00e0 l\u2019aff\u00fbt d\u2019occasions de promouvoir votre r\u00e9ussite et celle des autres, notamment&nbsp;:<\/p>\n\n\n\n<ul class=\"wp-block-list\">\n<li>en profitant de notre gamme grandissante de possibilit\u00e9s d\u2019<a href=\"https:\/\/www.yorku.ca\/vptl\/experiential-education\/\" target=\"_blank\" rel=\"noreferrer noopener\">apprentissage int\u00e9gr\u00e9 au travail<\/a> et d\u2019\u00e9ducation exp\u00e9rientielle;<\/li>\n\n\n\n<li>en catalysant la recherche et l\u2019innovation au premier cycle ou au cycle sup\u00e9rieur dans le cadre de stages de recherche et de cours du projet Capstone ou encore de postes r\u00e9mun\u00e9r\u00e9s ou b\u00e9n\u00e9voles;<\/li>\n\n\n\n<li>en explorant de nouvelles fa\u00e7ons de susciter des changements au sein de nos 31\u00a0<a href=\"https:\/\/www.yorku.ca\/research\/organized-research-units\/\" target=\"_blank\" rel=\"noreferrer noopener\">unit\u00e9s de recherche organis\u00e9es<\/a>;<\/li>\n\n\n\n<li>en participant \u00e0 des programmes sportifs et r\u00e9cr\u00e9atifs ou en faisant partie de l\u2019un des quelque 300\u00a0clubs de York.<\/li>\n<\/ul>\n\n\n\n<p>Si vous avez besoin d\u2019aide personnalis\u00e9e, je vous encourage \u00e0 utiliser les ressources pr\u00e9sent\u00e9es sur notre <a href=\"https:\/\/www.yorku.ca\/well-being\/fr\/\" target=\"_blank\" rel=\"noreferrer noopener\">site Web consacr\u00e9 au bien-\u00eatre<\/a> qui regroupe des services de conseils p\u00e9dagogiques, de counseling, de sant\u00e9 et de bien-\u00eatre, ainsi que des ressources communautaires.<\/p>\n\n\n\n<p>J\u2019ai h\u00e2te de vous rencontrer lors des multiples \u00e9v\u00e9nements et activit\u00e9s \u00e0 venir et je vous souhaite beaucoup de succ\u00e8s pour votre ann\u00e9e universitaire \u00e0 York.<\/p>\n\n\n\n<p>Sinc\u00e8res salutations,<\/p>\n\n\n\n<p><strong>Rhonda L. Lenton<br>Pr\u00e9sidente et vice-chanceli\u00e8re<\/strong><\/p>\n","protected":false},"excerpt":{"rendered":"<p>Chers membres de la communaut\u00e9 de York, Bienvenue \u00e0 l\u2019ann\u00e9e universitaire&nbsp;2024-2025! Que ce soit votre premi\u00e8re rentr\u00e9e universitaire ou que vous poursuiviez vos \u00e9tudes, que vous fassiez partie du corps professoral, du corps enseignant ou du personnel, je suis ravie de vous compter parmi les membres de la communaut\u00e9 universitaire dynamique et vibrante de York [&hellip;]<\/p>\n","protected":false},"author":2293,"featured_media":363825,"comment_status":"closed","ping_status":"closed","sticky":false,"template":"","format":"standard","meta":{"_acf_changed":false,"_kad_blocks_custom_css":"","_kad_blocks_head_custom_js":"","_kad_blocks_body_custom_js":"","_kad_blocks_footer_custom_js":"","footnotes":""},"categories":[181],"tags":[29,6,26,15,27,12,4],"yfileauthor":[],"qualifier":[],"yfile-author":[],"tags-to-show":[145,147,174,158,148,146],"workflow":[],"class_list":["post-363827","post","type-post","status-publish","format-standard","has-post-thumbnail","hentry","category-francais","tag-community","tag-faculty","tag-president","tag-sdg","tag-staff","tag-students","tag-yfile","tags-to-show-community","tags-to-show-faculty","tags-to-show-president","tags-to-show-sdg","tags-to-show-staff","tags-to-show-students"],"acf":{"internal_publish_date":null,"original_image":null},"yoast_head":"<!-- This site is optimized with the Yoast SEO plugin v27.4 - https:\/\/yoast.com\/product\/yoast-seo-wordpress\/ -->\n<title>Message de la pr\u00e9sidente \u00e0 la communaut\u00e9 : bienvenue \u00e0 l\u2019Universit\u00e9 York! - YFile<\/title>\n<meta name=\"robots\" content=\"index, follow, max-snippet:-1, max-image-preview:large, max-video-preview:-1\" \/>\n<link rel=\"canonical\" href=\"https:\/\/www.yorku.ca\/yfile\/2024\/09\/04\/message-de-la-presidente-a-la-communaute-bienvenue-a-luniversite-york\/\" \/>\n<meta property=\"og:locale\" content=\"en_US\" \/>\n<meta property=\"og:type\" content=\"article\" \/>\n<meta property=\"og:title\" content=\"Message de la pr\u00e9sidente \u00e0 la communaut\u00e9 : bienvenue \u00e0 l\u2019Universit\u00e9 York! - YFile\" \/>\n<meta property=\"og:description\" content=\"Chers membres de la communaut\u00e9 de York, Bienvenue \u00e0 l\u2019ann\u00e9e universitaire&nbsp;2024-2025! Que ce soit votre premi\u00e8re rentr\u00e9e universitaire ou que vous poursuiviez vos \u00e9tudes, que vous fassiez partie du corps professoral, du corps enseignant ou du personnel, je suis ravie de vous compter parmi les membres de la communaut\u00e9 universitaire dynamique et vibrante de York [&hellip;]\" \/>\n<meta property=\"og:url\" content=\"https:\/\/www.yorku.ca\/yfile\/2024\/09\/04\/message-de-la-presidente-a-la-communaute-bienvenue-a-luniversite-york\/\" \/>\n<meta property=\"og:site_name\" content=\"YFile\" \/>\n<meta property=\"article:published_time\" content=\"2024-09-04T13:45:23+00:00\" \/>\n<meta property=\"article:modified_time\" content=\"2024-09-04T13:45:39+00:00\" \/>\n<meta property=\"og:image\" content=\"https:\/\/www.yorku.ca\/yfile\/wp-content\/uploads\/sites\/889\/2024\/09\/York-students-walking-and-talking-in-commons-BANNER.jpg\" \/>\n\t<meta property=\"og:image:width\" content=\"1800\" \/>\n\t<meta property=\"og:image:height\" content=\"600\" \/>\n\t<meta property=\"og:image:type\" content=\"image\/jpeg\" \/>\n<meta name=\"author\" content=\"alexhuls\" \/>\n<meta name=\"twitter:card\" content=\"summary_large_image\" \/>\n<meta name=\"twitter:label1\" content=\"Written by\" \/>\n\t<meta name=\"twitter:data1\" content=\"alexhuls\" \/>\n\t<meta name=\"twitter:label2\" content=\"Est. reading time\" \/>\n\t<meta name=\"twitter:data2\" content=\"3 minutes\" \/>\n<script type=\"application\/ld+json\" class=\"yoast-schema-graph\">{\"@context\":\"https:\\\/\\\/schema.org\",\"@graph\":[{\"@type\":\"Article\",\"@id\":\"https:\\\/\\\/www.yorku.ca\\\/yfile\\\/2024\\\/09\\\/04\\\/message-de-la-presidente-a-la-communaute-bienvenue-a-luniversite-york\\\/#article\",\"isPartOf\":{\"@id\":\"https:\\\/\\\/www.yorku.ca\\\/yfile\\\/2024\\\/09\\\/04\\\/message-de-la-presidente-a-la-communaute-bienvenue-a-luniversite-york\\\/\"},\"author\":{\"name\":\"alexhuls\",\"@id\":\"https:\\\/\\\/www.yorku.ca\\\/yfile\\\/#\\\/schema\\\/person\\\/f385c839cd5e89f5c32dce8c973ef2db\"},\"headline\":\"Message de la pr\u00e9sidente \u00e0 la communaut\u00e9 : bienvenue \u00e0 l\u2019Universit\u00e9 York!\",\"datePublished\":\"2024-09-04T13:45:23+00:00\",\"dateModified\":\"2024-09-04T13:45:39+00:00\",\"mainEntityOfPage\":{\"@id\":\"https:\\\/\\\/www.yorku.ca\\\/yfile\\\/2024\\\/09\\\/04\\\/message-de-la-presidente-a-la-communaute-bienvenue-a-luniversite-york\\\/\"},\"wordCount\":644,\"image\":{\"@id\":\"https:\\\/\\\/www.yorku.ca\\\/yfile\\\/2024\\\/09\\\/04\\\/message-de-la-presidente-a-la-communaute-bienvenue-a-luniversite-york\\\/#primaryimage\"},\"thumbnailUrl\":\"https:\\\/\\\/www.yorku.ca\\\/yfile\\\/wp-content\\\/uploads\\\/sites\\\/889\\\/2024\\\/09\\\/York-students-walking-and-talking-in-commons-BANNER.jpg\",\"keywords\":[\"Community\",\"Faculty\",\"President\",\"SDGs\",\"Staff\",\"Students\",\"YFile\"],\"articleSection\":[\"Fran\u00e7ais\"],\"inLanguage\":\"en-CA\",\"copyrightYear\":\"2024\",\"copyrightHolder\":{\"@id\":\"https:\\\/\\\/www.yorku.ca\\\/yfile\\\/#organization\"}},{\"@type\":\"WebPage\",\"@id\":\"https:\\\/\\\/www.yorku.ca\\\/yfile\\\/2024\\\/09\\\/04\\\/message-de-la-presidente-a-la-communaute-bienvenue-a-luniversite-york\\\/\",\"url\":\"https:\\\/\\\/www.yorku.ca\\\/yfile\\\/2024\\\/09\\\/04\\\/message-de-la-presidente-a-la-communaute-bienvenue-a-luniversite-york\\\/\",\"name\":\"Message de la pr\u00e9sidente \u00e0 la communaut\u00e9 : bienvenue \u00e0 l\u2019Universit\u00e9 York! - YFile\",\"isPartOf\":{\"@id\":\"https:\\\/\\\/www.yorku.ca\\\/yfile\\\/#website\"},\"primaryImageOfPage\":{\"@id\":\"https:\\\/\\\/www.yorku.ca\\\/yfile\\\/2024\\\/09\\\/04\\\/message-de-la-presidente-a-la-communaute-bienvenue-a-luniversite-york\\\/#primaryimage\"},\"image\":{\"@id\":\"https:\\\/\\\/www.yorku.ca\\\/yfile\\\/2024\\\/09\\\/04\\\/message-de-la-presidente-a-la-communaute-bienvenue-a-luniversite-york\\\/#primaryimage\"},\"thumbnailUrl\":\"https:\\\/\\\/www.yorku.ca\\\/yfile\\\/wp-content\\\/uploads\\\/sites\\\/889\\\/2024\\\/09\\\/York-students-walking-and-talking-in-commons-BANNER.jpg\",\"datePublished\":\"2024-09-04T13:45:23+00:00\",\"dateModified\":\"2024-09-04T13:45:39+00:00\",\"author\":{\"@id\":\"https:\\\/\\\/www.yorku.ca\\\/yfile\\\/#\\\/schema\\\/person\\\/f385c839cd5e89f5c32dce8c973ef2db\"},\"breadcrumb\":{\"@id\":\"https:\\\/\\\/www.yorku.ca\\\/yfile\\\/2024\\\/09\\\/04\\\/message-de-la-presidente-a-la-communaute-bienvenue-a-luniversite-york\\\/#breadcrumb\"},\"inLanguage\":\"en-CA\",\"potentialAction\":[{\"@type\":\"ReadAction\",\"target\":[\"https:\\\/\\\/www.yorku.ca\\\/yfile\\\/2024\\\/09\\\/04\\\/message-de-la-presidente-a-la-communaute-bienvenue-a-luniversite-york\\\/\"]}]},{\"@type\":\"ImageObject\",\"inLanguage\":\"en-CA\",\"@id\":\"https:\\\/\\\/www.yorku.ca\\\/yfile\\\/2024\\\/09\\\/04\\\/message-de-la-presidente-a-la-communaute-bienvenue-a-luniversite-york\\\/#primaryimage\",\"url\":\"https:\\\/\\\/www.yorku.ca\\\/yfile\\\/wp-content\\\/uploads\\\/sites\\\/889\\\/2024\\\/09\\\/York-students-walking-and-talking-in-commons-BANNER.jpg\",\"contentUrl\":\"https:\\\/\\\/www.yorku.ca\\\/yfile\\\/wp-content\\\/uploads\\\/sites\\\/889\\\/2024\\\/09\\\/York-students-walking-and-talking-in-commons-BANNER.jpg\",\"width\":1800,\"height\":600,\"caption\":\"York students walking and talking in commons BANNER\"},{\"@type\":\"BreadcrumbList\",\"@id\":\"https:\\\/\\\/www.yorku.ca\\\/yfile\\\/2024\\\/09\\\/04\\\/message-de-la-presidente-a-la-communaute-bienvenue-a-luniversite-york\\\/#breadcrumb\",\"itemListElement\":[{\"@type\":\"ListItem\",\"position\":1,\"name\":\"Home\",\"item\":\"https:\\\/\\\/www.yorku.ca\\\/yfile\\\/\"},{\"@type\":\"ListItem\",\"position\":2,\"name\":\"Message de la pr\u00e9sidente \u00e0 la communaut\u00e9 : bienvenue \u00e0 l\u2019Universit\u00e9 York!\"}]},{\"@type\":\"WebSite\",\"@id\":\"https:\\\/\\\/www.yorku.ca\\\/yfile\\\/#website\",\"url\":\"https:\\\/\\\/www.yorku.ca\\\/yfile\\\/\",\"name\":\"YFile\",\"description\":\"\",\"potentialAction\":[{\"@type\":\"SearchAction\",\"target\":{\"@type\":\"EntryPoint\",\"urlTemplate\":\"https:\\\/\\\/www.yorku.ca\\\/yfile\\\/?s={search_term_string}\"},\"query-input\":{\"@type\":\"PropertyValueSpecification\",\"valueRequired\":true,\"valueName\":\"search_term_string\"}}],\"inLanguage\":\"en-CA\"},{\"@type\":\"Person\",\"@id\":\"https:\\\/\\\/www.yorku.ca\\\/yfile\\\/#\\\/schema\\\/person\\\/f385c839cd5e89f5c32dce8c973ef2db\",\"name\":\"alexhuls\",\"image\":{\"@type\":\"ImageObject\",\"inLanguage\":\"en-CA\",\"@id\":\"https:\\\/\\\/secure.gravatar.com\\\/avatar\\\/1804694f1711f5d58af38a39a871f5ca6c4021187d9305718a668a5260a5a71f?s=96&d=mm&r=g\",\"url\":\"https:\\\/\\\/secure.gravatar.com\\\/avatar\\\/1804694f1711f5d58af38a39a871f5ca6c4021187d9305718a668a5260a5a71f?s=96&d=mm&r=g\",\"contentUrl\":\"https:\\\/\\\/secure.gravatar.com\\\/avatar\\\/1804694f1711f5d58af38a39a871f5ca6c4021187d9305718a668a5260a5a71f?s=96&d=mm&r=g\",\"caption\":\"alexhuls\"},\"url\":\"https:\\\/\\\/www.yorku.ca\\\/yfile\\\/author\\\/alexhuls\\\/\"}]}<\/script>\n<!-- \/ Yoast SEO plugin. -->","yoast_head_json":{"title":"Message de la pr\u00e9sidente \u00e0 la communaut\u00e9 : bienvenue \u00e0 l\u2019Universit\u00e9 York! - YFile","robots":{"index":"index","follow":"follow","max-snippet":"max-snippet:-1","max-image-preview":"max-image-preview:large","max-video-preview":"max-video-preview:-1"},"canonical":"https:\/\/www.yorku.ca\/yfile\/2024\/09\/04\/message-de-la-presidente-a-la-communaute-bienvenue-a-luniversite-york\/","og_locale":"en_US","og_type":"article","og_title":"Message de la pr\u00e9sidente \u00e0 la communaut\u00e9 : bienvenue \u00e0 l\u2019Universit\u00e9 York! - YFile","og_description":"Chers membres de la communaut\u00e9 de York, Bienvenue \u00e0 l\u2019ann\u00e9e universitaire&nbsp;2024-2025! Que ce soit votre premi\u00e8re rentr\u00e9e universitaire ou que vous poursuiviez vos \u00e9tudes, que vous fassiez partie du corps professoral, du corps enseignant ou du personnel, je suis ravie de vous compter parmi les membres de la communaut\u00e9 universitaire dynamique et vibrante de York [&hellip;]","og_url":"https:\/\/www.yorku.ca\/yfile\/2024\/09\/04\/message-de-la-presidente-a-la-communaute-bienvenue-a-luniversite-york\/","og_site_name":"YFile","article_published_time":"2024-09-04T13:45:23+00:00","article_modified_time":"2024-09-04T13:45:39+00:00","og_image":[{"width":1800,"height":600,"url":"https:\/\/www.yorku.ca\/yfile\/wp-content\/uploads\/sites\/889\/2024\/09\/York-students-walking-and-talking-in-commons-BANNER.jpg","type":"image\/jpeg"}],"author":"alexhuls","twitter_card":"summary_large_image","twitter_misc":{"Written by":"alexhuls","Est. reading time":"3 minutes"},"schema":{"@context":"https:\/\/schema.org","@graph":[{"@type":"Article","@id":"https:\/\/www.yorku.ca\/yfile\/2024\/09\/04\/message-de-la-presidente-a-la-communaute-bienvenue-a-luniversite-york\/#article","isPartOf":{"@id":"https:\/\/www.yorku.ca\/yfile\/2024\/09\/04\/message-de-la-presidente-a-la-communaute-bienvenue-a-luniversite-york\/"},"author":{"name":"alexhuls","@id":"https:\/\/www.yorku.ca\/yfile\/#\/schema\/person\/f385c839cd5e89f5c32dce8c973ef2db"},"headline":"Message de la pr\u00e9sidente \u00e0 la communaut\u00e9 : bienvenue \u00e0 l\u2019Universit\u00e9 York!","datePublished":"2024-09-04T13:45:23+00:00","dateModified":"2024-09-04T13:45:39+00:00","mainEntityOfPage":{"@id":"https:\/\/www.yorku.ca\/yfile\/2024\/09\/04\/message-de-la-presidente-a-la-communaute-bienvenue-a-luniversite-york\/"},"wordCount":644,"image":{"@id":"https:\/\/www.yorku.ca\/yfile\/2024\/09\/04\/message-de-la-presidente-a-la-communaute-bienvenue-a-luniversite-york\/#primaryimage"},"thumbnailUrl":"https:\/\/www.yorku.ca\/yfile\/wp-content\/uploads\/sites\/889\/2024\/09\/York-students-walking-and-talking-in-commons-BANNER.jpg","keywords":["Community","Faculty","President","SDGs","Staff","Students","YFile"],"articleSection":["Fran\u00e7ais"],"inLanguage":"en-CA","copyrightYear":"2024","copyrightHolder":{"@id":"https:\/\/www.yorku.ca\/yfile\/#organization"}},{"@type":"WebPage","@id":"https:\/\/www.yorku.ca\/yfile\/2024\/09\/04\/message-de-la-presidente-a-la-communaute-bienvenue-a-luniversite-york\/","url":"https:\/\/www.yorku.ca\/yfile\/2024\/09\/04\/message-de-la-presidente-a-la-communaute-bienvenue-a-luniversite-york\/","name":"Message de la pr\u00e9sidente \u00e0 la communaut\u00e9 : bienvenue \u00e0 l\u2019Universit\u00e9 York! - YFile","isPartOf":{"@id":"https:\/\/www.yorku.ca\/yfile\/#website"},"primaryImageOfPage":{"@id":"https:\/\/www.yorku.ca\/yfile\/2024\/09\/04\/message-de-la-presidente-a-la-communaute-bienvenue-a-luniversite-york\/#primaryimage"},"image":{"@id":"https:\/\/www.yorku.ca\/yfile\/2024\/09\/04\/message-de-la-presidente-a-la-communaute-bienvenue-a-luniversite-york\/#primaryimage"},"thumbnailUrl":"https:\/\/www.yorku.ca\/yfile\/wp-content\/uploads\/sites\/889\/2024\/09\/York-students-walking-and-talking-in-commons-BANNER.jpg","datePublished":"2024-09-04T13:45:23+00:00","dateModified":"2024-09-04T13:45:39+00:00","author":{"@id":"https:\/\/www.yorku.ca\/yfile\/#\/schema\/person\/f385c839cd5e89f5c32dce8c973ef2db"},"breadcrumb":{"@id":"https:\/\/www.yorku.ca\/yfile\/2024\/09\/04\/message-de-la-presidente-a-la-communaute-bienvenue-a-luniversite-york\/#breadcrumb"},"inLanguage":"en-CA","potentialAction":[{"@type":"ReadAction","target":["https:\/\/www.yorku.ca\/yfile\/2024\/09\/04\/message-de-la-presidente-a-la-communaute-bienvenue-a-luniversite-york\/"]}]},{"@type":"ImageObject","inLanguage":"en-CA","@id":"https:\/\/www.yorku.ca\/yfile\/2024\/09\/04\/message-de-la-presidente-a-la-communaute-bienvenue-a-luniversite-york\/#primaryimage","url":"https:\/\/www.yorku.ca\/yfile\/wp-content\/uploads\/sites\/889\/2024\/09\/York-students-walking-and-talking-in-commons-BANNER.jpg","contentUrl":"https:\/\/www.yorku.ca\/yfile\/wp-content\/uploads\/sites\/889\/2024\/09\/York-students-walking-and-talking-in-commons-BANNER.jpg","width":1800,"height":600,"caption":"York students walking and talking in commons BANNER"},{"@type":"BreadcrumbList","@id":"https:\/\/www.yorku.ca\/yfile\/2024\/09\/04\/message-de-la-presidente-a-la-communaute-bienvenue-a-luniversite-york\/#breadcrumb","itemListElement":[{"@type":"ListItem","position":1,"name":"Home","item":"https:\/\/www.yorku.ca\/yfile\/"},{"@type":"ListItem","position":2,"name":"Message de la pr\u00e9sidente \u00e0 la communaut\u00e9 : bienvenue \u00e0 l\u2019Universit\u00e9 York!"}]},{"@type":"WebSite","@id":"https:\/\/www.yorku.ca\/yfile\/#website","url":"https:\/\/www.yorku.ca\/yfile\/","name":"YFile","description":"","potentialAction":[{"@type":"SearchAction","target":{"@type":"EntryPoint","urlTemplate":"https:\/\/www.yorku.ca\/yfile\/?s={search_term_string}"},"query-input":{"@type":"PropertyValueSpecification","valueRequired":true,"valueName":"search_term_string"}}],"inLanguage":"en-CA"},{"@type":"Person","@id":"https:\/\/www.yorku.ca\/yfile\/#\/schema\/person\/f385c839cd5e89f5c32dce8c973ef2db","name":"alexhuls","image":{"@type":"ImageObject","inLanguage":"en-CA","@id":"https:\/\/secure.gravatar.com\/avatar\/1804694f1711f5d58af38a39a871f5ca6c4021187d9305718a668a5260a5a71f?s=96&d=mm&r=g","url":"https:\/\/secure.gravatar.com\/avatar\/1804694f1711f5d58af38a39a871f5ca6c4021187d9305718a668a5260a5a71f?s=96&d=mm&r=g","contentUrl":"https:\/\/secure.gravatar.com\/avatar\/1804694f1711f5d58af38a39a871f5ca6c4021187d9305718a668a5260a5a71f?s=96&d=mm&r=g","caption":"alexhuls"},"url":"https:\/\/www.yorku.ca\/yfile\/author\/alexhuls\/"}]}},"taxonomy_info":{"category":[{"value":181,"label":"Fran\u00e7ais"}],"post_tag":[{"value":29,"label":"Community"},{"value":6,"label":"Faculty"},{"value":26,"label":"President"},{"value":15,"label":"SDGs"},{"value":27,"label":"Staff"},{"value":12,"label":"Students"},{"value":4,"label":"YFile"}],"tags-to-show":[{"value":145,"label":"Community"},{"value":147,"label":"Faculty"},{"value":174,"label":"President"},{"value":158,"label":"SDGs"},{"value":148,"label":"Staff"},{"value":146,"label":"Students"}]},"featured_image_src_large":["https:\/\/www.yorku.ca\/yfile\/wp-content\/uploads\/sites\/889\/2024\/09\/York-students-walking-and-talking-in-commons-BANNER-1024x341.jpg",1024,341,true],"author_info":{"display_name":"alexhuls","author_link":"https:\/\/www.yorku.ca\/yfile\/author\/alexhuls\/"},"comment_info":0,"category_info":[{"term_id":181,"name":"Fran\u00e7ais","slug":"francais","term_group":0,"term_taxonomy_id":181,"taxonomy":"category","description":"Institutional news and announcements in French.","parent":0,"count":89,"filter":"raw","cat_ID":181,"category_count":89,"category_description":"Institutional news and announcements in French.","cat_name":"Fran\u00e7ais","category_nicename":"francais","category_parent":0}],"tag_info":[{"term_id":29,"name":"Community","slug":"community","term_group":0,"term_taxonomy_id":29,"taxonomy":"post_tag","description":"","parent":0,"count":966,"filter":"raw"},{"term_id":6,"name":"Faculty","slug":"faculty","term_group":0,"term_taxonomy_id":6,"taxonomy":"post_tag","description":"","parent":0,"count":2014,"filter":"raw"},{"term_id":26,"name":"President","slug":"president","term_group":0,"term_taxonomy_id":26,"taxonomy":"post_tag","description":"","parent":0,"count":405,"filter":"raw"},{"term_id":15,"name":"SDGs","slug":"sdg","term_group":0,"term_taxonomy_id":15,"taxonomy":"post_tag","description":"","parent":0,"count":1254,"filter":"raw"},{"term_id":27,"name":"Staff","slug":"staff","term_group":0,"term_taxonomy_id":27,"taxonomy":"post_tag","description":"","parent":0,"count":601,"filter":"raw"},{"term_id":12,"name":"Students","slug":"students","term_group":0,"term_taxonomy_id":12,"taxonomy":"post_tag","description":"","parent":0,"count":1642,"filter":"raw"},{"term_id":4,"name":"YFile","slug":"yfile","term_group":0,"term_taxonomy_id":4,"taxonomy":"post_tag","description":"","parent":0,"count":5316,"filter":"raw"}],"_links":{"self":[{"href":"https:\/\/www.yorku.ca\/yfile\/wp-json\/wp\/v2\/posts\/363827","targetHints":{"allow":["GET"]}}],"collection":[{"href":"https:\/\/www.yorku.ca\/yfile\/wp-json\/wp\/v2\/posts"}],"about":[{"href":"https:\/\/www.yorku.ca\/yfile\/wp-json\/wp\/v2\/types\/post"}],"author":[{"embeddable":true,"href":"https:\/\/www.yorku.ca\/yfile\/wp-json\/wp\/v2\/users\/2293"}],"replies":[{"embeddable":true,"href":"https:\/\/www.yorku.ca\/yfile\/wp-json\/wp\/v2\/comments?post=363827"}],"version-history":[{"count":3,"href":"https:\/\/www.yorku.ca\/yfile\/wp-json\/wp\/v2\/posts\/363827\/revisions"}],"predecessor-version":[{"id":368374,"href":"https:\/\/www.yorku.ca\/yfile\/wp-json\/wp\/v2\/posts\/363827\/revisions\/368374"}],"wp:featuredmedia":[{"embeddable":true,"href":"https:\/\/www.yorku.ca\/yfile\/wp-json\/wp\/v2\/media\/363825"}],"wp:attachment":[{"href":"https:\/\/www.yorku.ca\/yfile\/wp-json\/wp\/v2\/media?parent=363827"}],"wp:term":[{"taxonomy":"category","embeddable":true,"href":"https:\/\/www.yorku.ca\/yfile\/wp-json\/wp\/v2\/categories?post=363827"},{"taxonomy":"post_tag","embeddable":true,"href":"https:\/\/www.yorku.ca\/yfile\/wp-json\/wp\/v2\/tags?post=363827"},{"taxonomy":"yfileauthor","embeddable":true,"href":"https:\/\/www.yorku.ca\/yfile\/wp-json\/wp\/v2\/yfileauthor?post=363827"},{"taxonomy":"qualifier","embeddable":true,"href":"https:\/\/www.yorku.ca\/yfile\/wp-json\/wp\/v2\/qualifier?post=363827"},{"taxonomy":"yfile-author","embeddable":true,"href":"https:\/\/www.yorku.ca\/yfile\/wp-json\/wp\/v2\/yfile-author?post=363827"},{"taxonomy":"tags-to-show","embeddable":true,"href":"https:\/\/www.yorku.ca\/yfile\/wp-json\/wp\/v2\/tags-to-show?post=363827"},{"taxonomy":"workflow","embeddable":true,"href":"https:\/\/www.yorku.ca\/yfile\/wp-json\/wp\/v2\/workflow?post=363827"}],"curies":[{"name":"wp","href":"https:\/\/api.w.org\/{rel}","templated":true}]}}