  {"id":353777,"date":"2024-05-01T13:49:45","date_gmt":"2024-05-01T17:49:45","guid":{"rendered":"https:\/\/yfile.news.yorku.ca\/?p=353777"},"modified":"2025-07-09T10:20:36","modified_gmt":"2025-07-09T14:20:36","slug":"joseph-hafner-est-nomme-doyen-des-bibliotheques-de-luniversite-york","status":"publish","type":"post","link":"https:\/\/www.yorku.ca\/yfile\/2024\/05\/01\/joseph-hafner-est-nomme-doyen-des-bibliotheques-de-luniversite-york\/","title":{"rendered":"Joseph Hafner est nomm\u00e9 doyen des biblioth\u00e8ques de l'Universit\u00e9 York"},"content":{"rendered":"\n<h3 class=\"wp-block-heading\">Joseph Hafner est nomm\u00e9 doyen des biblioth\u00e8ques de l'Universit\u00e9 York<\/h3>\n\n\n\n<p>Chers coll\u00e8gues, ch\u00e8res coll\u00e8gues,<\/p>\n\n\n<div class=\"wp-block-image\">\n<figure class=\"alignright size-large is-resized\"><img loading=\"lazy\" decoding=\"async\" width=\"1024\" height=\"683\" src=\"https:\/\/www.yorku.ca\/yfile\/wp-content\/uploads\/sites\/889\/2024\/04\/Joseph-Hafner-6044-Credit-Owen-Egan-Joni-Dufour-scaled-1-1024x683.jpg\" alt=\"Joseph Hafner\" class=\"wp-image-353626\" style=\"width:300px;height:auto\" srcset=\"https:\/\/www.yorku.ca\/yfile\/wp-content\/uploads\/sites\/889\/2024\/04\/Joseph-Hafner-6044-Credit-Owen-Egan-Joni-Dufour-scaled-1-1024x683.jpg 1024w, https:\/\/www.yorku.ca\/yfile\/wp-content\/uploads\/sites\/889\/2024\/04\/Joseph-Hafner-6044-Credit-Owen-Egan-Joni-Dufour-scaled-1-400x267.jpg 400w, https:\/\/www.yorku.ca\/yfile\/wp-content\/uploads\/sites\/889\/2024\/04\/Joseph-Hafner-6044-Credit-Owen-Egan-Joni-Dufour-scaled-1-1536x1024.jpg 1536w, https:\/\/www.yorku.ca\/yfile\/wp-content\/uploads\/sites\/889\/2024\/04\/Joseph-Hafner-6044-Credit-Owen-Egan-Joni-Dufour-scaled-1-2048x1366.jpg 2048w, https:\/\/www.yorku.ca\/yfile\/wp-content\/uploads\/sites\/889\/2024\/04\/Joseph-Hafner-6044-Credit-Owen-Egan-Joni-Dufour-scaled-1-1200x800.jpg 1200w\" sizes=\"auto, (max-width: 1024px) 100vw, 1024px\" \/><figcaption class=\"wp-element-caption\">Joseph Hafner (photo credit: Owen Egan and Joni Dufour).<\/figcaption><\/figure>\n<\/div>\n\n\n<p>J\u2019ai le plaisir d\u2019informer la communaut\u00e9 de York qu\u2019\u00e0 l\u2019issue d\u2019un processus national et international de recherche et de consultation aupr\u00e8s des membres du personnel, du corps professoral et de la communaut\u00e9 \u00e9tudiante de l\u2019Universit\u00e9, <strong>Joseph Hafner<\/strong> a accept\u00e9 de devenir le doyen des biblioth\u00e8ques de l\u2019Universit\u00e9 York, \u00e0 compter du 1<sup>er<\/sup>&nbsp;juillet 2024. Le 30&nbsp;avril, le conseil d\u2019administration a ent\u00e9rin\u00e9 cette recommandation et a approuv\u00e9 sa nomination pour un mandat de cinq&nbsp;ans.<\/p>\n\n\n\n<p>M.&nbsp;Hafner vient de la biblioth\u00e8que de l\u2019Universit\u00e9 McGill o\u00f9 il a occup\u00e9 successivement les postes de directeur associ\u00e9 (2007) et de vice-doyen des services des collections. Il y officiait depuis 2004 et a obtenu sa titularisation en 2020. Avant son mandat \u00e0 McGill, il a travaill\u00e9 \u00e0 la Biblioth\u00e8que publique de l\u2019Indiana dans les domaines du catalogage, de la liaison, du d\u00e9veloppement de partenariats, de la formation au leadership et de la gestion des bases de donn\u00e9es.<\/p>\n\n\n\n<p>Titulaire d\u2019une ma\u00eetrise en biblioth\u00e9conomie et en science de l\u2019information de l\u2019Universit\u00e9 de l\u2019Indiana, M.&nbsp;Hafner joue un r\u00f4le tr\u00e8s actif dans sa profession. Participant assidu des associations de biblioth\u00e9caires, il fait actuellement partie de la F\u00e9d\u00e9ration internationale des Associations de biblioth\u00e9caires et des Biblioth\u00e8ques (IFLA) en tant que pr\u00e9sident du groupe de r\u00e9vision technique sur les donn\u00e9es li\u00e9es et membre du comit\u00e9 consultatif sur les normes. Il a \u00e9t\u00e9 membre et a pr\u00e9sid\u00e9 d\u2019autres comit\u00e9s, notamment le sous-comit\u00e9 technique d\u00e9di\u00e9 aux donn\u00e9es li\u00e9es, le comit\u00e9 d\u2019acquisition et de d\u00e9veloppement des collections et le groupe d\u2019int\u00e9r\u00eat sp\u00e9cial LGBTQ de l\u2019IFLA.<\/p>\n\n\n\n<p>M.&nbsp;Hafner a \u00e9t\u00e9 vice-pr\u00e9sident de l\u2019Association internationale des biblioth\u00e8ques musicales et est membre de l\u2019Association canadienne des biblioth\u00e8ques musicales, de l\u2019American Library Association, de Canadian Shared Print, de HathiTrust et d\u2019autres associations professionnelles. Universitaire actif, il a \u00e9galement \u00e9t\u00e9 r\u00e9dacteur en chef de nombreuses publications, y compris des s\u00e9ries, des num\u00e9ros de revues et des bulletins d\u2019information, membre du comit\u00e9 de r\u00e9daction et auteur de comptes-rendus de conf\u00e9rences et d\u2019articles scientifiques dans d\u2019importantes revues et publications imprim\u00e9es et \u00e9lectroniques dans le domaine de la biblioth\u00e9conomie universitaire.<\/p>\n\n\n\n<p>M.&nbsp;Hafner a jou\u00e9 un r\u00f4le de premier plan dans de nombreux projets de transformation de McGill, notamment la construction d\u2019un nouveau site d\u2019entreposage robotis\u00e9 hors campus de 33&nbsp;M$, qui a permis de stocker 2,5&nbsp;millions de livres et de revues. Vous pouvez visionner <a href=\"https:\/\/www.youtube.com\/watch?v=DExb1xhZOI8&amp;t=0s\">ici<\/a> une br\u00e8ve vid\u00e9o sur ce projet. M.&nbsp;Hafner apporte \u00e0 York une vaste exp\u00e9rience en mati\u00e8re de gestion budg\u00e9taire et d\u2019am\u00e9lioration des processus, ainsi qu\u2019une connaissance des services de biblioth\u00e8que de premi\u00e8re ligne et des d\u00e9fis auxquels les biblioth\u00e8ques sont confront\u00e9es de nos jours, notamment le libre acc\u00e8s et l\u2019utilisation de l\u2019intelligence artificielle.<\/p>\n\n\n\n<p>Afin de s\u2019acquitter de ses engagements en mati\u00e8re de recherche, M.&nbsp;Hafner prendra un cong\u00e9 autoris\u00e9 durant les six premi\u00e8res semaines de son mandat et <strong>Andrea Kosavic<\/strong> continuera d\u2019occuper le poste de doyenne par int\u00e9rim. Je tiens \u00e0 exprimer ma profonde gratitude \u00e0 Mme&nbsp;Kosavic qui assume brillamment le r\u00f4le de doyenne int\u00e9rimaire des biblioth\u00e8ques depuis juillet 2023 et a apport\u00e9 des contributions majeures durant cette p\u00e9riode de changements.<\/p>\n\n\n\n<p>Je me r\u00e9jouis de travailler avec M.&nbsp;Hafner qui mettra ses connaissances et son expertise au service de ce r\u00f4le important. J\u2019esp\u00e8re que tous les membres de la communaut\u00e9 de York se joindront \u00e0 moi pour le f\u00e9liciter et lui souhaiter la bienvenue au sein de l\u2019\u00e9quipe de leadership p\u00e9dagogique de l\u2019Universit\u00e9.<\/p>\n\n\n\n<p>Je remercie les membres du comit\u00e9 de recrutement pour leur contribution \u00e0 ce processus important.<\/p>\n\n\n\n<p>Sinc\u00e8res salutations,<\/p>\n\n\n\n<p><strong>Rhonda Lenton<br>Pr\u00e9sidente et vice-chanceli\u00e8re&nbsp;<\/strong>&nbsp;&nbsp;<\/p>\n\n\n\n<p><\/p>\n","protected":false},"excerpt":{"rendered":"<p>Joseph Hafner est nomm\u00e9 doyen des biblioth\u00e8ques de l'Universit\u00e9 York Chers coll\u00e8gues, ch\u00e8res coll\u00e8gues, J\u2019ai le plaisir d\u2019informer la communaut\u00e9 de York qu\u2019\u00e0 l\u2019issue d\u2019un processus national et international de recherche et de consultation aupr\u00e8s des membres du personnel, du corps professoral et de la communaut\u00e9 \u00e9tudiante de l\u2019Universit\u00e9, Joseph Hafner a accept\u00e9 de devenir [&hellip;]<\/p>\n","protected":false},"author":5,"featured_media":333349,"comment_status":"closed","ping_status":"closed","sticky":false,"template":"","format":"standard","meta":{"_acf_changed":false,"_kad_blocks_custom_css":"","_kad_blocks_head_custom_js":"","_kad_blocks_body_custom_js":"","_kad_blocks_footer_custom_js":"","footnotes":""},"categories":[181,52],"tags":[73,43,26,27,4],"yfileauthor":[204],"qualifier":[],"yfile-author":[],"tags-to-show":[182,166,174,148],"workflow":[],"class_list":["post-353777","post","type-post","status-publish","format-standard","has-post-thumbnail","hentry","category-francais","category-take-note","tag-governance","tag-libraries","tag-president","tag-staff","tag-yfile","yfileauthor-yfilestaff","tags-to-show-governance","tags-to-show-libraries","tags-to-show-president","tags-to-show-staff"],"acf":{"internal_publish_date":null,"original_image":null},"yoast_head":"<!-- This site is optimized with the Yoast SEO plugin v27.4 - https:\/\/yoast.com\/product\/yoast-seo-wordpress\/ -->\n<title>Joseph Hafner est nomm\u00e9 doyen des biblioth\u00e8ques de l&#039;Universit\u00e9 York - YFile<\/title>\n<meta name=\"robots\" content=\"index, follow, max-snippet:-1, max-image-preview:large, max-video-preview:-1\" \/>\n<link rel=\"canonical\" href=\"https:\/\/www.yorku.ca\/yfile\/2024\/05\/01\/joseph-hafner-est-nomme-doyen-des-bibliotheques-de-luniversite-york\/\" \/>\n<meta property=\"og:locale\" content=\"en_US\" \/>\n<meta property=\"og:type\" content=\"article\" \/>\n<meta property=\"og:title\" content=\"Joseph Hafner est nomm\u00e9 doyen des biblioth\u00e8ques de l&#039;Universit\u00e9 York - YFile\" \/>\n<meta property=\"og:description\" content=\"Joseph Hafner est nomm\u00e9 doyen des biblioth\u00e8ques de l&#039;Universit\u00e9 York Chers coll\u00e8gues, ch\u00e8res coll\u00e8gues, J\u2019ai le plaisir d\u2019informer la communaut\u00e9 de York qu\u2019\u00e0 l\u2019issue d\u2019un processus national et international de recherche et de consultation aupr\u00e8s des membres du personnel, du corps professoral et de la communaut\u00e9 \u00e9tudiante de l\u2019Universit\u00e9, Joseph Hafner a accept\u00e9 de devenir [&hellip;]\" \/>\n<meta property=\"og:url\" content=\"https:\/\/www.yorku.ca\/yfile\/2024\/05\/01\/joseph-hafner-est-nomme-doyen-des-bibliotheques-de-luniversite-york\/\" \/>\n<meta property=\"og:site_name\" content=\"YFile\" \/>\n<meta property=\"article:published_time\" content=\"2024-05-01T17:49:45+00:00\" \/>\n<meta property=\"article:modified_time\" content=\"2025-07-09T14:20:36+00:00\" \/>\n<meta property=\"og:image\" content=\"https:\/\/www.yorku.ca\/yfile\/wp-content\/uploads\/sites\/889\/2023\/04\/Scott-Lib-e1682452438860.jpg\" \/>\n\t<meta property=\"og:image:width\" content=\"1800\" \/>\n\t<meta property=\"og:image:height\" content=\"607\" \/>\n\t<meta property=\"og:image:type\" content=\"image\/jpeg\" \/>\n<meta name=\"author\" content=\"phalfert\" \/>\n<meta name=\"twitter:card\" content=\"summary_large_image\" \/>\n<meta name=\"twitter:label1\" content=\"Written by\" \/>\n\t<meta name=\"twitter:data1\" content=\"phalfert\" \/>\n\t<meta name=\"twitter:label2\" content=\"Est. reading time\" \/>\n\t<meta name=\"twitter:data2\" content=\"4 minutes\" \/>\n<script type=\"application\/ld+json\" class=\"yoast-schema-graph\">{\"@context\":\"https:\\\/\\\/schema.org\",\"@graph\":[{\"@type\":\"Article\",\"@id\":\"https:\\\/\\\/www.yorku.ca\\\/yfile\\\/2024\\\/05\\\/01\\\/joseph-hafner-est-nomme-doyen-des-bibliotheques-de-luniversite-york\\\/#article\",\"isPartOf\":{\"@id\":\"https:\\\/\\\/www.yorku.ca\\\/yfile\\\/2024\\\/05\\\/01\\\/joseph-hafner-est-nomme-doyen-des-bibliotheques-de-luniversite-york\\\/\"},\"author\":{\"name\":\"phalfert\",\"@id\":\"https:\\\/\\\/www.yorku.ca\\\/yfile\\\/#\\\/schema\\\/person\\\/21f3dffe794363be5ece4ec7f538a0c0\"},\"headline\":\"Joseph Hafner est nomm\u00e9 doyen des biblioth\u00e8ques de l'Universit\u00e9 York\",\"datePublished\":\"2024-05-01T17:49:45+00:00\",\"dateModified\":\"2025-07-09T14:20:36+00:00\",\"mainEntityOfPage\":{\"@id\":\"https:\\\/\\\/www.yorku.ca\\\/yfile\\\/2024\\\/05\\\/01\\\/joseph-hafner-est-nomme-doyen-des-bibliotheques-de-luniversite-york\\\/\"},\"wordCount\":723,\"image\":{\"@id\":\"https:\\\/\\\/www.yorku.ca\\\/yfile\\\/2024\\\/05\\\/01\\\/joseph-hafner-est-nomme-doyen-des-bibliotheques-de-luniversite-york\\\/#primaryimage\"},\"thumbnailUrl\":\"https:\\\/\\\/www.yorku.ca\\\/yfile\\\/wp-content\\\/uploads\\\/sites\\\/889\\\/2023\\\/04\\\/Scott-Lib-e1682452438860.jpg\",\"keywords\":[\"Governance\",\"Libraries\",\"President\",\"Staff\",\"YFile\"],\"articleSection\":[\"Fran\u00e7ais\",\"Take Note\"],\"inLanguage\":\"en-CA\",\"copyrightYear\":\"2024\",\"copyrightHolder\":{\"@id\":\"https:\\\/\\\/www.yorku.ca\\\/yfile\\\/#organization\"}},{\"@type\":\"WebPage\",\"@id\":\"https:\\\/\\\/www.yorku.ca\\\/yfile\\\/2024\\\/05\\\/01\\\/joseph-hafner-est-nomme-doyen-des-bibliotheques-de-luniversite-york\\\/\",\"url\":\"https:\\\/\\\/www.yorku.ca\\\/yfile\\\/2024\\\/05\\\/01\\\/joseph-hafner-est-nomme-doyen-des-bibliotheques-de-luniversite-york\\\/\",\"name\":\"Joseph Hafner est nomm\u00e9 doyen des biblioth\u00e8ques de l'Universit\u00e9 York - YFile\",\"isPartOf\":{\"@id\":\"https:\\\/\\\/www.yorku.ca\\\/yfile\\\/#website\"},\"primaryImageOfPage\":{\"@id\":\"https:\\\/\\\/www.yorku.ca\\\/yfile\\\/2024\\\/05\\\/01\\\/joseph-hafner-est-nomme-doyen-des-bibliotheques-de-luniversite-york\\\/#primaryimage\"},\"image\":{\"@id\":\"https:\\\/\\\/www.yorku.ca\\\/yfile\\\/2024\\\/05\\\/01\\\/joseph-hafner-est-nomme-doyen-des-bibliotheques-de-luniversite-york\\\/#primaryimage\"},\"thumbnailUrl\":\"https:\\\/\\\/www.yorku.ca\\\/yfile\\\/wp-content\\\/uploads\\\/sites\\\/889\\\/2023\\\/04\\\/Scott-Lib-e1682452438860.jpg\",\"datePublished\":\"2024-05-01T17:49:45+00:00\",\"dateModified\":\"2025-07-09T14:20:36+00:00\",\"author\":{\"@id\":\"https:\\\/\\\/www.yorku.ca\\\/yfile\\\/#\\\/schema\\\/person\\\/21f3dffe794363be5ece4ec7f538a0c0\"},\"breadcrumb\":{\"@id\":\"https:\\\/\\\/www.yorku.ca\\\/yfile\\\/2024\\\/05\\\/01\\\/joseph-hafner-est-nomme-doyen-des-bibliotheques-de-luniversite-york\\\/#breadcrumb\"},\"inLanguage\":\"en-CA\",\"potentialAction\":[{\"@type\":\"ReadAction\",\"target\":[\"https:\\\/\\\/www.yorku.ca\\\/yfile\\\/2024\\\/05\\\/01\\\/joseph-hafner-est-nomme-doyen-des-bibliotheques-de-luniversite-york\\\/\"]}]},{\"@type\":\"ImageObject\",\"inLanguage\":\"en-CA\",\"@id\":\"https:\\\/\\\/www.yorku.ca\\\/yfile\\\/2024\\\/05\\\/01\\\/joseph-hafner-est-nomme-doyen-des-bibliotheques-de-luniversite-york\\\/#primaryimage\",\"url\":\"https:\\\/\\\/www.yorku.ca\\\/yfile\\\/wp-content\\\/uploads\\\/sites\\\/889\\\/2023\\\/04\\\/Scott-Lib-e1682452438860.jpg\",\"contentUrl\":\"https:\\\/\\\/www.yorku.ca\\\/yfile\\\/wp-content\\\/uploads\\\/sites\\\/889\\\/2023\\\/04\\\/Scott-Lib-e1682452438860.jpg\",\"width\":1800,\"height\":607,\"caption\":\"Scott Library\"},{\"@type\":\"BreadcrumbList\",\"@id\":\"https:\\\/\\\/www.yorku.ca\\\/yfile\\\/2024\\\/05\\\/01\\\/joseph-hafner-est-nomme-doyen-des-bibliotheques-de-luniversite-york\\\/#breadcrumb\",\"itemListElement\":[{\"@type\":\"ListItem\",\"position\":1,\"name\":\"Home\",\"item\":\"https:\\\/\\\/www.yorku.ca\\\/yfile\\\/\"},{\"@type\":\"ListItem\",\"position\":2,\"name\":\"Joseph Hafner est nomm\u00e9 doyen des biblioth\u00e8ques de l'Universit\u00e9 York\"}]},{\"@type\":\"WebSite\",\"@id\":\"https:\\\/\\\/www.yorku.ca\\\/yfile\\\/#website\",\"url\":\"https:\\\/\\\/www.yorku.ca\\\/yfile\\\/\",\"name\":\"YFile\",\"description\":\"\",\"potentialAction\":[{\"@type\":\"SearchAction\",\"target\":{\"@type\":\"EntryPoint\",\"urlTemplate\":\"https:\\\/\\\/www.yorku.ca\\\/yfile\\\/?s={search_term_string}\"},\"query-input\":{\"@type\":\"PropertyValueSpecification\",\"valueRequired\":true,\"valueName\":\"search_term_string\"}}],\"inLanguage\":\"en-CA\"},{\"@type\":\"Person\",\"@id\":\"https:\\\/\\\/www.yorku.ca\\\/yfile\\\/#\\\/schema\\\/person\\\/21f3dffe794363be5ece4ec7f538a0c0\",\"name\":\"phalfert\",\"image\":{\"@type\":\"ImageObject\",\"inLanguage\":\"en-CA\",\"@id\":\"https:\\\/\\\/secure.gravatar.com\\\/avatar\\\/9e3ac8a4ede7f72dd695c074c5291e11739705deae1422de177298d5aad6d559?s=96&d=mm&r=g\",\"url\":\"https:\\\/\\\/secure.gravatar.com\\\/avatar\\\/9e3ac8a4ede7f72dd695c074c5291e11739705deae1422de177298d5aad6d559?s=96&d=mm&r=g\",\"contentUrl\":\"https:\\\/\\\/secure.gravatar.com\\\/avatar\\\/9e3ac8a4ede7f72dd695c074c5291e11739705deae1422de177298d5aad6d559?s=96&d=mm&r=g\",\"caption\":\"phalfert\"},\"url\":\"https:\\\/\\\/www.yorku.ca\\\/yfile\\\/author\\\/phalfert\\\/\"}]}<\/script>\n<!-- \/ Yoast SEO plugin. -->","yoast_head_json":{"title":"Joseph Hafner est nomm\u00e9 doyen des biblioth\u00e8ques de l'Universit\u00e9 York - YFile","robots":{"index":"index","follow":"follow","max-snippet":"max-snippet:-1","max-image-preview":"max-image-preview:large","max-video-preview":"max-video-preview:-1"},"canonical":"https:\/\/www.yorku.ca\/yfile\/2024\/05\/01\/joseph-hafner-est-nomme-doyen-des-bibliotheques-de-luniversite-york\/","og_locale":"en_US","og_type":"article","og_title":"Joseph Hafner est nomm\u00e9 doyen des biblioth\u00e8ques de l'Universit\u00e9 York - YFile","og_description":"Joseph Hafner est nomm\u00e9 doyen des biblioth\u00e8ques de l'Universit\u00e9 York Chers coll\u00e8gues, ch\u00e8res coll\u00e8gues, J\u2019ai le plaisir d\u2019informer la communaut\u00e9 de York qu\u2019\u00e0 l\u2019issue d\u2019un processus national et international de recherche et de consultation aupr\u00e8s des membres du personnel, du corps professoral et de la communaut\u00e9 \u00e9tudiante de l\u2019Universit\u00e9, Joseph Hafner a accept\u00e9 de devenir [&hellip;]","og_url":"https:\/\/www.yorku.ca\/yfile\/2024\/05\/01\/joseph-hafner-est-nomme-doyen-des-bibliotheques-de-luniversite-york\/","og_site_name":"YFile","article_published_time":"2024-05-01T17:49:45+00:00","article_modified_time":"2025-07-09T14:20:36+00:00","og_image":[{"width":1800,"height":607,"url":"https:\/\/www.yorku.ca\/yfile\/wp-content\/uploads\/sites\/889\/2023\/04\/Scott-Lib-e1682452438860.jpg","type":"image\/jpeg"}],"author":"phalfert","twitter_card":"summary_large_image","twitter_misc":{"Written by":"phalfert","Est. reading time":"4 minutes"},"schema":{"@context":"https:\/\/schema.org","@graph":[{"@type":"Article","@id":"https:\/\/www.yorku.ca\/yfile\/2024\/05\/01\/joseph-hafner-est-nomme-doyen-des-bibliotheques-de-luniversite-york\/#article","isPartOf":{"@id":"https:\/\/www.yorku.ca\/yfile\/2024\/05\/01\/joseph-hafner-est-nomme-doyen-des-bibliotheques-de-luniversite-york\/"},"author":{"name":"phalfert","@id":"https:\/\/www.yorku.ca\/yfile\/#\/schema\/person\/21f3dffe794363be5ece4ec7f538a0c0"},"headline":"Joseph Hafner est nomm\u00e9 doyen des biblioth\u00e8ques de l'Universit\u00e9 York","datePublished":"2024-05-01T17:49:45+00:00","dateModified":"2025-07-09T14:20:36+00:00","mainEntityOfPage":{"@id":"https:\/\/www.yorku.ca\/yfile\/2024\/05\/01\/joseph-hafner-est-nomme-doyen-des-bibliotheques-de-luniversite-york\/"},"wordCount":723,"image":{"@id":"https:\/\/www.yorku.ca\/yfile\/2024\/05\/01\/joseph-hafner-est-nomme-doyen-des-bibliotheques-de-luniversite-york\/#primaryimage"},"thumbnailUrl":"https:\/\/www.yorku.ca\/yfile\/wp-content\/uploads\/sites\/889\/2023\/04\/Scott-Lib-e1682452438860.jpg","keywords":["Governance","Libraries","President","Staff","YFile"],"articleSection":["Fran\u00e7ais","Take Note"],"inLanguage":"en-CA","copyrightYear":"2024","copyrightHolder":{"@id":"https:\/\/www.yorku.ca\/yfile\/#organization"}},{"@type":"WebPage","@id":"https:\/\/www.yorku.ca\/yfile\/2024\/05\/01\/joseph-hafner-est-nomme-doyen-des-bibliotheques-de-luniversite-york\/","url":"https:\/\/www.yorku.ca\/yfile\/2024\/05\/01\/joseph-hafner-est-nomme-doyen-des-bibliotheques-de-luniversite-york\/","name":"Joseph Hafner est nomm\u00e9 doyen des biblioth\u00e8ques de l'Universit\u00e9 York - YFile","isPartOf":{"@id":"https:\/\/www.yorku.ca\/yfile\/#website"},"primaryImageOfPage":{"@id":"https:\/\/www.yorku.ca\/yfile\/2024\/05\/01\/joseph-hafner-est-nomme-doyen-des-bibliotheques-de-luniversite-york\/#primaryimage"},"image":{"@id":"https:\/\/www.yorku.ca\/yfile\/2024\/05\/01\/joseph-hafner-est-nomme-doyen-des-bibliotheques-de-luniversite-york\/#primaryimage"},"thumbnailUrl":"https:\/\/www.yorku.ca\/yfile\/wp-content\/uploads\/sites\/889\/2023\/04\/Scott-Lib-e1682452438860.jpg","datePublished":"2024-05-01T17:49:45+00:00","dateModified":"2025-07-09T14:20:36+00:00","author":{"@id":"https:\/\/www.yorku.ca\/yfile\/#\/schema\/person\/21f3dffe794363be5ece4ec7f538a0c0"},"breadcrumb":{"@id":"https:\/\/www.yorku.ca\/yfile\/2024\/05\/01\/joseph-hafner-est-nomme-doyen-des-bibliotheques-de-luniversite-york\/#breadcrumb"},"inLanguage":"en-CA","potentialAction":[{"@type":"ReadAction","target":["https:\/\/www.yorku.ca\/yfile\/2024\/05\/01\/joseph-hafner-est-nomme-doyen-des-bibliotheques-de-luniversite-york\/"]}]},{"@type":"ImageObject","inLanguage":"en-CA","@id":"https:\/\/www.yorku.ca\/yfile\/2024\/05\/01\/joseph-hafner-est-nomme-doyen-des-bibliotheques-de-luniversite-york\/#primaryimage","url":"https:\/\/www.yorku.ca\/yfile\/wp-content\/uploads\/sites\/889\/2023\/04\/Scott-Lib-e1682452438860.jpg","contentUrl":"https:\/\/www.yorku.ca\/yfile\/wp-content\/uploads\/sites\/889\/2023\/04\/Scott-Lib-e1682452438860.jpg","width":1800,"height":607,"caption":"Scott Library"},{"@type":"BreadcrumbList","@id":"https:\/\/www.yorku.ca\/yfile\/2024\/05\/01\/joseph-hafner-est-nomme-doyen-des-bibliotheques-de-luniversite-york\/#breadcrumb","itemListElement":[{"@type":"ListItem","position":1,"name":"Home","item":"https:\/\/www.yorku.ca\/yfile\/"},{"@type":"ListItem","position":2,"name":"Joseph Hafner est nomm\u00e9 doyen des biblioth\u00e8ques de l'Universit\u00e9 York"}]},{"@type":"WebSite","@id":"https:\/\/www.yorku.ca\/yfile\/#website","url":"https:\/\/www.yorku.ca\/yfile\/","name":"YFile","description":"","potentialAction":[{"@type":"SearchAction","target":{"@type":"EntryPoint","urlTemplate":"https:\/\/www.yorku.ca\/yfile\/?s={search_term_string}"},"query-input":{"@type":"PropertyValueSpecification","valueRequired":true,"valueName":"search_term_string"}}],"inLanguage":"en-CA"},{"@type":"Person","@id":"https:\/\/www.yorku.ca\/yfile\/#\/schema\/person\/21f3dffe794363be5ece4ec7f538a0c0","name":"phalfert","image":{"@type":"ImageObject","inLanguage":"en-CA","@id":"https:\/\/secure.gravatar.com\/avatar\/9e3ac8a4ede7f72dd695c074c5291e11739705deae1422de177298d5aad6d559?s=96&d=mm&r=g","url":"https:\/\/secure.gravatar.com\/avatar\/9e3ac8a4ede7f72dd695c074c5291e11739705deae1422de177298d5aad6d559?s=96&d=mm&r=g","contentUrl":"https:\/\/secure.gravatar.com\/avatar\/9e3ac8a4ede7f72dd695c074c5291e11739705deae1422de177298d5aad6d559?s=96&d=mm&r=g","caption":"phalfert"},"url":"https:\/\/www.yorku.ca\/yfile\/author\/phalfert\/"}]}},"taxonomy_info":{"category":[{"value":181,"label":"Fran\u00e7ais"},{"value":52,"label":"Take Note"}],"post_tag":[{"value":73,"label":"Governance"},{"value":43,"label":"Libraries"},{"value":26,"label":"President"},{"value":27,"label":"Staff"},{"value":4,"label":"YFile"}],"yfileauthor":[{"value":204,"label":"YFile Staff"}],"tags-to-show":[{"value":182,"label":"Governance"},{"value":166,"label":"Libraries"},{"value":174,"label":"President"},{"value":148,"label":"Staff"}]},"featured_image_src_large":["https:\/\/www.yorku.ca\/yfile\/wp-content\/uploads\/sites\/889\/2023\/04\/Scott-Lib-e1682452438860-1024x345.jpg",1024,345,true],"author_info":{"display_name":"phalfert","author_link":"https:\/\/www.yorku.ca\/yfile\/author\/phalfert\/"},"comment_info":0,"category_info":[{"term_id":181,"name":"Fran\u00e7ais","slug":"francais","term_group":0,"term_taxonomy_id":181,"taxonomy":"category","description":"Institutional news and announcements in French.","parent":0,"count":87,"filter":"raw","cat_ID":181,"category_count":87,"category_description":"Institutional news and announcements in French.","cat_name":"Fran\u00e7ais","category_nicename":"francais","category_parent":0},{"term_id":52,"name":"Take Note","slug":"take-note","term_group":0,"term_taxonomy_id":52,"taxonomy":"category","description":"","parent":0,"count":2373,"filter":"raw","cat_ID":52,"category_count":2373,"category_description":"","cat_name":"Take Note","category_nicename":"take-note","category_parent":0}],"tag_info":[{"term_id":73,"name":"Governance","slug":"governance","term_group":0,"term_taxonomy_id":73,"taxonomy":"post_tag","description":"","parent":0,"count":143,"filter":"raw"},{"term_id":43,"name":"Libraries","slug":"libraries","term_group":0,"term_taxonomy_id":43,"taxonomy":"post_tag","description":"","parent":0,"count":127,"filter":"raw"},{"term_id":26,"name":"President","slug":"president","term_group":0,"term_taxonomy_id":26,"taxonomy":"post_tag","description":"","parent":0,"count":405,"filter":"raw"},{"term_id":27,"name":"Staff","slug":"staff","term_group":0,"term_taxonomy_id":27,"taxonomy":"post_tag","description":"","parent":0,"count":597,"filter":"raw"},{"term_id":4,"name":"YFile","slug":"yfile","term_group":0,"term_taxonomy_id":4,"taxonomy":"post_tag","description":"","parent":0,"count":5305,"filter":"raw"}],"_links":{"self":[{"href":"https:\/\/www.yorku.ca\/yfile\/wp-json\/wp\/v2\/posts\/353777","targetHints":{"allow":["GET"]}}],"collection":[{"href":"https:\/\/www.yorku.ca\/yfile\/wp-json\/wp\/v2\/posts"}],"about":[{"href":"https:\/\/www.yorku.ca\/yfile\/wp-json\/wp\/v2\/types\/post"}],"author":[{"embeddable":true,"href":"https:\/\/www.yorku.ca\/yfile\/wp-json\/wp\/v2\/users\/5"}],"replies":[{"embeddable":true,"href":"https:\/\/www.yorku.ca\/yfile\/wp-json\/wp\/v2\/comments?post=353777"}],"version-history":[{"count":2,"href":"https:\/\/www.yorku.ca\/yfile\/wp-json\/wp\/v2\/posts\/353777\/revisions"}],"predecessor-version":[{"id":397053,"href":"https:\/\/www.yorku.ca\/yfile\/wp-json\/wp\/v2\/posts\/353777\/revisions\/397053"}],"wp:featuredmedia":[{"embeddable":true,"href":"https:\/\/www.yorku.ca\/yfile\/wp-json\/wp\/v2\/media\/333349"}],"wp:attachment":[{"href":"https:\/\/www.yorku.ca\/yfile\/wp-json\/wp\/v2\/media?parent=353777"}],"wp:term":[{"taxonomy":"category","embeddable":true,"href":"https:\/\/www.yorku.ca\/yfile\/wp-json\/wp\/v2\/categories?post=353777"},{"taxonomy":"post_tag","embeddable":true,"href":"https:\/\/www.yorku.ca\/yfile\/wp-json\/wp\/v2\/tags?post=353777"},{"taxonomy":"yfileauthor","embeddable":true,"href":"https:\/\/www.yorku.ca\/yfile\/wp-json\/wp\/v2\/yfileauthor?post=353777"},{"taxonomy":"qualifier","embeddable":true,"href":"https:\/\/www.yorku.ca\/yfile\/wp-json\/wp\/v2\/qualifier?post=353777"},{"taxonomy":"yfile-author","embeddable":true,"href":"https:\/\/www.yorku.ca\/yfile\/wp-json\/wp\/v2\/yfile-author?post=353777"},{"taxonomy":"tags-to-show","embeddable":true,"href":"https:\/\/www.yorku.ca\/yfile\/wp-json\/wp\/v2\/tags-to-show?post=353777"},{"taxonomy":"workflow","embeddable":true,"href":"https:\/\/www.yorku.ca\/yfile\/wp-json\/wp\/v2\/workflow?post=353777"}],"curies":[{"name":"wp","href":"https:\/\/api.w.org\/{rel}","templated":true}]}}