  {"id":353632,"date":"2024-04-30T15:58:16","date_gmt":"2024-04-30T19:58:16","guid":{"rendered":"https:\/\/yfile.news.yorku.ca\/?p=353632"},"modified":"2025-04-02T12:45:21","modified_gmt":"2025-04-02T16:45:21","slug":"a-new-direction-for-glendon-college","status":"publish","type":"post","link":"https:\/\/www.yorku.ca\/yfile\/2024\/04\/30\/a-new-direction-for-glendon-college\/","title":{"rendered":"A new direction for Glendon College"},"content":{"rendered":"\n<h3 class=\"wp-block-heading\">Since the fall of 2021, Glendon has been engaged in a repositioning exercise to ensure that program offerings are compelling, career-relevant, geared toward student needs and sustainable.<\/h3>\n\n\n\n<p>Throughout the repositioning process, faculty, staff, students, alumni and other community members have been actively engaged in a thoughtful <a href=\"https:\/\/www.yorku.ca\/glendon\/strategicdirection\/upcoming-community-consultation\/\" target=\"_blank\" rel=\"noreferrer noopener\">consultation process<\/a> about the future direction of Glendon College. Town hall events, community conversations, meetings with Senate and Faculty Council, and polls were regularly held as community touchpoints over the past three years.<\/p>\n\n\n\n<p>The future direction for Glendon includes the restructuring of academic units to promote greater interdisciplinarity and to support research, teaching and the student experience. The revised structure also focused on embracing efficiency in the delivery of Glendon\u2019s programs and strengthening enrolment.<\/p>\n\n\n\n<p>\u201cThis new structure presents an opportunity to establish an environment that supports the kind of academic renewal that is needed among today\u2019s universities, where new and innovative ideas are born at the intersection of disciplines,\u201d says <strong>Marco Fiola<\/strong>, principal of Glendon College. \u201cI would like to thank all Glendon and ¿ì²¥ÊÓÆµ community members who have participated in this process to create a vibrant future at Glendon.\u201d<\/p>\n\n\n\n<p>On April 30, 2024, York\u2019s Board of Governors approved the restructuring of Glendon\u2019s academic units, bringing into place the following new departmental structure as of September 1, 2024:<\/p>\n\n\n\n<ul class=\"wp-block-list\">\n<li>Glendon Department of Global Communication and Cultures;<\/li>\n\n\n\n<li>Glendon Department of Science;<\/li>\n\n\n\n<li>Glendon Department of Economics, Business and Mathematics; and<\/li>\n\n\n\n<li>Glendon Department of Global and Social Studies.<\/li>\n<\/ul>\n\n\n\n<p>\u201cA more integrated structure supports creativity in thinking across disciplines when it comes to renewing our curriculum and building our research culture. Above all else, academic programs must remain responsive to the changes we are seeing across higher education today,\u201d says <strong>Lisa Philipps<\/strong>, provost and vice-president academic. \u201cI want to recognize the Glendon colleagues who will ultimately ensure the success of the repositioning. This new structure supports sustainability and enables us to deliver the best learning experience possible for our students.\u201d<\/p>\n\n\n\n<p>In the coming months, changes will continue to unfold, including adjustments to academic programming to enhance the student experience, creating co-ordinated recruitment efforts that align with the University-wide strategy and modifications to Glendon\u2019s administrative service model. All these efforts will support the delivery of an enhanced educational experience for students at Glendon starting this fall.<\/p>\n\n\n\n<p id=\"french\">\u201cWe have the <a>know-how<\/a> and we have the ingenuity to be a bold and forward-thinking part of ¿ì²¥ÊÓÆµ,\" says Fiola. \"This new, streamlined academic structure will help us make better use of our resources, for the benefit of our students and faculty members.\u201d<\/p>\n\n\n\n<hr class=\"wp-block-separator has-alpha-channel-opacity\"\/>\n\n\n\n<h4 class=\"wp-block-heading\"><strong>Une nouvelle orientation pour le Coll\u00e8ge Glendon <\/strong><strong><\/strong><\/h4>\n\n\n\n<p>Depuis l\u2019automne&nbsp;2021, Glendon se pr\u00eate \u00e0 un exercice de repositionnement pour s\u2019assurer que ses offres de programmes sont non seulement pertinentes et en rapport avec une carri\u00e8re professionnelle, mais aussi durables et ax\u00e9es sur les besoins de la population \u00e9tudiante.<\/p>\n\n\n\n<p>Tout au long de ce repositionnement, le corps professoral, le personnel, la population \u00e9tudiante, des dipl\u00f4m\u00e9s et d\u2019autres membres de la communaut\u00e9 ont particip\u00e9 activement \u00e0 un <a href=\"https:\/\/www.yorku.ca\/glendon\/strategicdirection\/upcoming-community-consultation\/\">processus de consultation<\/a> approfondi sur l\u2019orientation future du Coll\u00e8ge Glendon. Des conversations communautaires, des r\u00e9unions avec le S\u00e9nat et le Conseil de la facult\u00e9 et des sondages d\u2019opinion ont \u00e9t\u00e9 organis\u00e9s r\u00e9guli\u00e8rement au cours des trois derni\u00e8res ann\u00e9es afin de rester en relation avec la communaut\u00e9.<\/p>\n\n\n\n<p>L\u2019orientation future de Glendon comprend la restructuration des unit\u00e9s acad\u00e9miques afin de promouvoir une plus grande interdisciplinarit\u00e9 et d\u2019appuyer la recherche, l\u2019enseignement et l\u2019exp\u00e9rience \u00e9tudiante. La structure modifi\u00e9e privil\u00e9gie aussi l\u2019efficacit\u00e9 de la prestation des programmes de Glendon et le renforcement des inscriptions.<\/p>\n\n\n\n<p>\u00ab&nbsp;Cette nouvelle structure nous donne la possibilit\u00e9 de cr\u00e9er un environnement qui favorise le renouveau acad\u00e9mique essentiel aux universit\u00e9s d\u2019aujourd\u2019hui et dans lequel des id\u00e9es nouvelles et innovantes voient le jour au croisement des disciplines, d\u00e9clare <strong>Marco Fiola<\/strong>, principal du Coll\u00e8ge Glendon. Je tiens \u00e0 remercier tous les membres de la communaut\u00e9 de Glendon qui ont particip\u00e9 \u00e0 ce processus visant \u00e0 assurer un avenir prometteur au Coll\u00e8ge.&nbsp;\u00bb<\/p>\n\n\n\n<p>Le 30&nbsp;avril 2024, le Conseil d\u2019administration de York a approuv\u00e9 la restructuration des unit\u00e9s acad\u00e9miques de Glendon qui met en place la nouvelle structure d\u00e9partementale suivante \u00e0 compter du 1<sup>er<\/sup>&nbsp;septembre 2024&nbsp;:<\/p>\n\n\n\n<ul class=\"wp-block-list\">\n<li>D\u00e9partement de la communication et des cultures mondiales de Glendon<\/li>\n\n\n\n<li>D\u00e9partement des sciences de Glendon<\/li>\n\n\n\n<li>D\u00e9partement des sciences \u00e9conomiques, des affaires et des math\u00e9matiques de Glendon<\/li>\n\n\n\n<li>D\u00e9partement d\u2019\u00e9tudes mondiales et sociales de Glendon<\/li>\n<\/ul>\n\n\n\n<p>\u00ab&nbsp;Une nouvelle structure simplifi\u00e9e plus int\u00e9gr\u00e9e favorise la cr\u00e9ativit\u00e9 dans la r\u00e9flexion interdisciplinaire en vue du renouvellement de nos programmes d\u2019\u00e9tudes et de la consolidation de notre culture de la recherche, explique <strong>Lisa Philipps<\/strong>, rectrice et vice-pr\u00e9sidente aux affaires acad\u00e9miques. Les programmes doivent notamment demeurer tr\u00e8s r\u00e9actifs aux changements que nous observons aujourd\u2019hui dans l\u2019enseignement sup\u00e9rieur. Je tiens \u00e0 reconna\u00eetre les coll\u00e8gues de Glendon qui assureront au bout du compte le succ\u00e8s de ce repositionnement. La nouvelle structure favorise la durabilit\u00e9 et nous permet d\u2019offrir la meilleure exp\u00e9rience d\u2019apprentissage possible \u00e0 notre population \u00e9tudiante.&nbsp;\u00bb<\/p>\n\n\n\n<p>Dans les mois \u00e0 venir, des changements continueront \u00e0 \u00eatre apport\u00e9s aux programmes acad\u00e9miques pour am\u00e9liorer l\u2019exp\u00e9rience \u00e9tudiante, entra\u00eenant des efforts coordonn\u00e9s de recrutement conformes \u00e0 la strat\u00e9gie globale de l\u2019Universit\u00e9 et des modifications du mod\u00e8le de service administratif de Glendon. Tous ces efforts appuieront une exp\u00e9rience \u00e9ducative am\u00e9lior\u00e9e pour la population \u00e9tudiante de Glendon d\u00e8s cet automne.<\/p>\n\n\n\n<p>\u00ab&nbsp;Nous poss\u00e9dons le savoir-faire et l\u2019ing\u00e9niosit\u00e9 n\u00e9cessaires pour devenir une composante dynamique et avant-gardiste de l\u2019Universit\u00e9 York. Gr\u00e2ce \u00e0 cette nouvelle structure acad\u00e9mique rationalis\u00e9e, nous pourrons mieux utiliser nos ressources au profit des membres de la communaut\u00e9 \u00e9tudiante et du corps professoral&nbsp;\u00bb, ajoute Marco Fiola.<\/p>\n","protected":false},"excerpt":{"rendered":"<p>Glendon College has undergone a restructuring of its academic units that will see the future bring greater support and success to research, teaching and the student experience.  <\/p>\n","protected":false},"author":5,"featured_media":353634,"comment_status":"closed","ping_status":"closed","sticky":false,"template":"","format":"standard","meta":{"_acf_changed":false,"_kad_blocks_custom_css":"","_kad_blocks_head_custom_js":"","_kad_blocks_body_custom_js":"","_kad_blocks_footer_custom_js":"","footnotes":""},"categories":[25],"tags":[69,6,80,73,27,12,4],"yfileauthor":[],"qualifier":[],"yfile-author":[],"tags-to-show":[186,147,171,182,148,146],"workflow":[],"class_list":["post-353632","post","type-post","status-publish","format-standard","has-post-thumbnail","hentry","category-editors-picks","tag-colleges","tag-faculty","tag-glendon","tag-governance","tag-staff","tag-students","tag-yfile","tags-to-show-colleges","tags-to-show-faculty","tags-to-show-glendon","tags-to-show-governance","tags-to-show-staff","tags-to-show-students"],"acf":{"internal_publish_date":null,"original_image":null},"yoast_head":"<!-- This site is optimized with the Yoast SEO plugin v27.4 - https:\/\/yoast.com\/product\/yoast-seo-wordpress\/ -->\n<title>A new direction for Glendon College - YFile<\/title>\n<meta name=\"robots\" content=\"index, follow, max-snippet:-1, max-image-preview:large, max-video-preview:-1\" \/>\n<link rel=\"canonical\" href=\"https:\/\/www.yorku.ca\/yfile\/2024\/04\/30\/a-new-direction-for-glendon-college\/\" \/>\n<meta property=\"og:locale\" content=\"en_US\" \/>\n<meta property=\"og:type\" content=\"article\" \/>\n<meta property=\"og:title\" content=\"A new direction for Glendon College - YFile\" \/>\n<meta property=\"og:description\" content=\"Glendon College has undergone a restructuring of its academic units that will see the future bring greater support and success to research, teaching and the student experience.\" \/>\n<meta property=\"og:url\" content=\"https:\/\/www.yorku.ca\/yfile\/2024\/04\/30\/a-new-direction-for-glendon-college\/\" \/>\n<meta property=\"og:site_name\" content=\"YFile\" \/>\n<meta property=\"article:published_time\" content=\"2024-04-30T19:58:16+00:00\" \/>\n<meta property=\"article:modified_time\" content=\"2025-04-02T16:45:21+00:00\" \/>\n<meta property=\"og:image\" content=\"https:\/\/www.yorku.ca\/yfile\/wp-content\/uploads\/sites\/889\/2024\/04\/Glendon-Campus-BANNER.jpg\" \/>\n\t<meta property=\"og:image:width\" content=\"1728\" \/>\n\t<meta property=\"og:image:height\" content=\"576\" \/>\n\t<meta property=\"og:image:type\" content=\"image\/jpeg\" \/>\n<meta name=\"author\" content=\"phalfert\" \/>\n<meta name=\"twitter:card\" content=\"summary_large_image\" \/>\n<meta name=\"twitter:label1\" content=\"Written by\" \/>\n\t<meta name=\"twitter:data1\" content=\"phalfert\" \/>\n\t<meta name=\"twitter:label2\" content=\"Est. reading time\" \/>\n\t<meta name=\"twitter:data2\" content=\"5 minutes\" \/>\n<script type=\"application\/ld+json\" class=\"yoast-schema-graph\">{\"@context\":\"https:\\\/\\\/schema.org\",\"@graph\":[{\"@type\":\"Article\",\"@id\":\"https:\\\/\\\/www.yorku.ca\\\/yfile\\\/2024\\\/04\\\/30\\\/a-new-direction-for-glendon-college\\\/#article\",\"isPartOf\":{\"@id\":\"https:\\\/\\\/www.yorku.ca\\\/yfile\\\/2024\\\/04\\\/30\\\/a-new-direction-for-glendon-college\\\/\"},\"author\":{\"name\":\"phalfert\",\"@id\":\"https:\\\/\\\/www.yorku.ca\\\/yfile\\\/#\\\/schema\\\/person\\\/21f3dffe794363be5ece4ec7f538a0c0\"},\"headline\":\"A new direction for Glendon College\",\"datePublished\":\"2024-04-30T19:58:16+00:00\",\"dateModified\":\"2025-04-02T16:45:21+00:00\",\"mainEntityOfPage\":{\"@id\":\"https:\\\/\\\/www.yorku.ca\\\/yfile\\\/2024\\\/04\\\/30\\\/a-new-direction-for-glendon-college\\\/\"},\"wordCount\":1005,\"image\":{\"@id\":\"https:\\\/\\\/www.yorku.ca\\\/yfile\\\/2024\\\/04\\\/30\\\/a-new-direction-for-glendon-college\\\/#primaryimage\"},\"thumbnailUrl\":\"https:\\\/\\\/www.yorku.ca\\\/yfile\\\/wp-content\\\/uploads\\\/sites\\\/889\\\/2024\\\/04\\\/Glendon-Campus-BANNER.jpg\",\"keywords\":[\"Colleges\",\"Faculty\",\"Glendon\",\"Governance\",\"Staff\",\"Students\",\"YFile\"],\"articleSection\":[\"Editor's Picks\"],\"inLanguage\":\"en-CA\",\"copyrightYear\":\"2024\",\"copyrightHolder\":{\"@id\":\"https:\\\/\\\/www.yorku.ca\\\/yfile\\\/#organization\"}},{\"@type\":\"WebPage\",\"@id\":\"https:\\\/\\\/www.yorku.ca\\\/yfile\\\/2024\\\/04\\\/30\\\/a-new-direction-for-glendon-college\\\/\",\"url\":\"https:\\\/\\\/www.yorku.ca\\\/yfile\\\/2024\\\/04\\\/30\\\/a-new-direction-for-glendon-college\\\/\",\"name\":\"A new direction for Glendon College - YFile\",\"isPartOf\":{\"@id\":\"https:\\\/\\\/www.yorku.ca\\\/yfile\\\/#website\"},\"primaryImageOfPage\":{\"@id\":\"https:\\\/\\\/www.yorku.ca\\\/yfile\\\/2024\\\/04\\\/30\\\/a-new-direction-for-glendon-college\\\/#primaryimage\"},\"image\":{\"@id\":\"https:\\\/\\\/www.yorku.ca\\\/yfile\\\/2024\\\/04\\\/30\\\/a-new-direction-for-glendon-college\\\/#primaryimage\"},\"thumbnailUrl\":\"https:\\\/\\\/www.yorku.ca\\\/yfile\\\/wp-content\\\/uploads\\\/sites\\\/889\\\/2024\\\/04\\\/Glendon-Campus-BANNER.jpg\",\"datePublished\":\"2024-04-30T19:58:16+00:00\",\"dateModified\":\"2025-04-02T16:45:21+00:00\",\"author\":{\"@id\":\"https:\\\/\\\/www.yorku.ca\\\/yfile\\\/#\\\/schema\\\/person\\\/21f3dffe794363be5ece4ec7f538a0c0\"},\"breadcrumb\":{\"@id\":\"https:\\\/\\\/www.yorku.ca\\\/yfile\\\/2024\\\/04\\\/30\\\/a-new-direction-for-glendon-college\\\/#breadcrumb\"},\"inLanguage\":\"en-CA\",\"potentialAction\":[{\"@type\":\"ReadAction\",\"target\":[\"https:\\\/\\\/www.yorku.ca\\\/yfile\\\/2024\\\/04\\\/30\\\/a-new-direction-for-glendon-college\\\/\"]}]},{\"@type\":\"ImageObject\",\"inLanguage\":\"en-CA\",\"@id\":\"https:\\\/\\\/www.yorku.ca\\\/yfile\\\/2024\\\/04\\\/30\\\/a-new-direction-for-glendon-college\\\/#primaryimage\",\"url\":\"https:\\\/\\\/www.yorku.ca\\\/yfile\\\/wp-content\\\/uploads\\\/sites\\\/889\\\/2024\\\/04\\\/Glendon-Campus-BANNER.jpg\",\"contentUrl\":\"https:\\\/\\\/www.yorku.ca\\\/yfile\\\/wp-content\\\/uploads\\\/sites\\\/889\\\/2024\\\/04\\\/Glendon-Campus-BANNER.jpg\",\"width\":1728,\"height\":576,\"caption\":\"Glendon welcome building\"},{\"@type\":\"BreadcrumbList\",\"@id\":\"https:\\\/\\\/www.yorku.ca\\\/yfile\\\/2024\\\/04\\\/30\\\/a-new-direction-for-glendon-college\\\/#breadcrumb\",\"itemListElement\":[{\"@type\":\"ListItem\",\"position\":1,\"name\":\"Home\",\"item\":\"https:\\\/\\\/www.yorku.ca\\\/yfile\\\/\"},{\"@type\":\"ListItem\",\"position\":2,\"name\":\"A new direction for Glendon College\"}]},{\"@type\":\"WebSite\",\"@id\":\"https:\\\/\\\/www.yorku.ca\\\/yfile\\\/#website\",\"url\":\"https:\\\/\\\/www.yorku.ca\\\/yfile\\\/\",\"name\":\"YFile\",\"description\":\"\",\"potentialAction\":[{\"@type\":\"SearchAction\",\"target\":{\"@type\":\"EntryPoint\",\"urlTemplate\":\"https:\\\/\\\/www.yorku.ca\\\/yfile\\\/?s={search_term_string}\"},\"query-input\":{\"@type\":\"PropertyValueSpecification\",\"valueRequired\":true,\"valueName\":\"search_term_string\"}}],\"inLanguage\":\"en-CA\"},{\"@type\":\"Person\",\"@id\":\"https:\\\/\\\/www.yorku.ca\\\/yfile\\\/#\\\/schema\\\/person\\\/21f3dffe794363be5ece4ec7f538a0c0\",\"name\":\"phalfert\",\"image\":{\"@type\":\"ImageObject\",\"inLanguage\":\"en-CA\",\"@id\":\"https:\\\/\\\/secure.gravatar.com\\\/avatar\\\/9e3ac8a4ede7f72dd695c074c5291e11739705deae1422de177298d5aad6d559?s=96&d=mm&r=g\",\"url\":\"https:\\\/\\\/secure.gravatar.com\\\/avatar\\\/9e3ac8a4ede7f72dd695c074c5291e11739705deae1422de177298d5aad6d559?s=96&d=mm&r=g\",\"contentUrl\":\"https:\\\/\\\/secure.gravatar.com\\\/avatar\\\/9e3ac8a4ede7f72dd695c074c5291e11739705deae1422de177298d5aad6d559?s=96&d=mm&r=g\",\"caption\":\"phalfert\"},\"url\":\"https:\\\/\\\/www.yorku.ca\\\/yfile\\\/author\\\/phalfert\\\/\"}]}<\/script>\n<!-- \/ Yoast SEO plugin. -->","yoast_head_json":{"title":"A new direction for Glendon College - YFile","robots":{"index":"index","follow":"follow","max-snippet":"max-snippet:-1","max-image-preview":"max-image-preview:large","max-video-preview":"max-video-preview:-1"},"canonical":"https:\/\/www.yorku.ca\/yfile\/2024\/04\/30\/a-new-direction-for-glendon-college\/","og_locale":"en_US","og_type":"article","og_title":"A new direction for Glendon College - YFile","og_description":"Glendon College has undergone a restructuring of its academic units that will see the future bring greater support and success to research, teaching and the student experience.","og_url":"https:\/\/www.yorku.ca\/yfile\/2024\/04\/30\/a-new-direction-for-glendon-college\/","og_site_name":"YFile","article_published_time":"2024-04-30T19:58:16+00:00","article_modified_time":"2025-04-02T16:45:21+00:00","og_image":[{"width":1728,"height":576,"url":"https:\/\/www.yorku.ca\/yfile\/wp-content\/uploads\/sites\/889\/2024\/04\/Glendon-Campus-BANNER.jpg","type":"image\/jpeg"}],"author":"phalfert","twitter_card":"summary_large_image","twitter_misc":{"Written by":"phalfert","Est. reading time":"5 minutes"},"schema":{"@context":"https:\/\/schema.org","@graph":[{"@type":"Article","@id":"https:\/\/www.yorku.ca\/yfile\/2024\/04\/30\/a-new-direction-for-glendon-college\/#article","isPartOf":{"@id":"https:\/\/www.yorku.ca\/yfile\/2024\/04\/30\/a-new-direction-for-glendon-college\/"},"author":{"name":"phalfert","@id":"https:\/\/www.yorku.ca\/yfile\/#\/schema\/person\/21f3dffe794363be5ece4ec7f538a0c0"},"headline":"A new direction for Glendon College","datePublished":"2024-04-30T19:58:16+00:00","dateModified":"2025-04-02T16:45:21+00:00","mainEntityOfPage":{"@id":"https:\/\/www.yorku.ca\/yfile\/2024\/04\/30\/a-new-direction-for-glendon-college\/"},"wordCount":1005,"image":{"@id":"https:\/\/www.yorku.ca\/yfile\/2024\/04\/30\/a-new-direction-for-glendon-college\/#primaryimage"},"thumbnailUrl":"https:\/\/www.yorku.ca\/yfile\/wp-content\/uploads\/sites\/889\/2024\/04\/Glendon-Campus-BANNER.jpg","keywords":["Colleges","Faculty","Glendon","Governance","Staff","Students","YFile"],"articleSection":["Editor's Picks"],"inLanguage":"en-CA","copyrightYear":"2024","copyrightHolder":{"@id":"https:\/\/www.yorku.ca\/yfile\/#organization"}},{"@type":"WebPage","@id":"https:\/\/www.yorku.ca\/yfile\/2024\/04\/30\/a-new-direction-for-glendon-college\/","url":"https:\/\/www.yorku.ca\/yfile\/2024\/04\/30\/a-new-direction-for-glendon-college\/","name":"A new direction for Glendon College - YFile","isPartOf":{"@id":"https:\/\/www.yorku.ca\/yfile\/#website"},"primaryImageOfPage":{"@id":"https:\/\/www.yorku.ca\/yfile\/2024\/04\/30\/a-new-direction-for-glendon-college\/#primaryimage"},"image":{"@id":"https:\/\/www.yorku.ca\/yfile\/2024\/04\/30\/a-new-direction-for-glendon-college\/#primaryimage"},"thumbnailUrl":"https:\/\/www.yorku.ca\/yfile\/wp-content\/uploads\/sites\/889\/2024\/04\/Glendon-Campus-BANNER.jpg","datePublished":"2024-04-30T19:58:16+00:00","dateModified":"2025-04-02T16:45:21+00:00","author":{"@id":"https:\/\/www.yorku.ca\/yfile\/#\/schema\/person\/21f3dffe794363be5ece4ec7f538a0c0"},"breadcrumb":{"@id":"https:\/\/www.yorku.ca\/yfile\/2024\/04\/30\/a-new-direction-for-glendon-college\/#breadcrumb"},"inLanguage":"en-CA","potentialAction":[{"@type":"ReadAction","target":["https:\/\/www.yorku.ca\/yfile\/2024\/04\/30\/a-new-direction-for-glendon-college\/"]}]},{"@type":"ImageObject","inLanguage":"en-CA","@id":"https:\/\/www.yorku.ca\/yfile\/2024\/04\/30\/a-new-direction-for-glendon-college\/#primaryimage","url":"https:\/\/www.yorku.ca\/yfile\/wp-content\/uploads\/sites\/889\/2024\/04\/Glendon-Campus-BANNER.jpg","contentUrl":"https:\/\/www.yorku.ca\/yfile\/wp-content\/uploads\/sites\/889\/2024\/04\/Glendon-Campus-BANNER.jpg","width":1728,"height":576,"caption":"Glendon welcome building"},{"@type":"BreadcrumbList","@id":"https:\/\/www.yorku.ca\/yfile\/2024\/04\/30\/a-new-direction-for-glendon-college\/#breadcrumb","itemListElement":[{"@type":"ListItem","position":1,"name":"Home","item":"https:\/\/www.yorku.ca\/yfile\/"},{"@type":"ListItem","position":2,"name":"A new direction for Glendon College"}]},{"@type":"WebSite","@id":"https:\/\/www.yorku.ca\/yfile\/#website","url":"https:\/\/www.yorku.ca\/yfile\/","name":"YFile","description":"","potentialAction":[{"@type":"SearchAction","target":{"@type":"EntryPoint","urlTemplate":"https:\/\/www.yorku.ca\/yfile\/?s={search_term_string}"},"query-input":{"@type":"PropertyValueSpecification","valueRequired":true,"valueName":"search_term_string"}}],"inLanguage":"en-CA"},{"@type":"Person","@id":"https:\/\/www.yorku.ca\/yfile\/#\/schema\/person\/21f3dffe794363be5ece4ec7f538a0c0","name":"phalfert","image":{"@type":"ImageObject","inLanguage":"en-CA","@id":"https:\/\/secure.gravatar.com\/avatar\/9e3ac8a4ede7f72dd695c074c5291e11739705deae1422de177298d5aad6d559?s=96&d=mm&r=g","url":"https:\/\/secure.gravatar.com\/avatar\/9e3ac8a4ede7f72dd695c074c5291e11739705deae1422de177298d5aad6d559?s=96&d=mm&r=g","contentUrl":"https:\/\/secure.gravatar.com\/avatar\/9e3ac8a4ede7f72dd695c074c5291e11739705deae1422de177298d5aad6d559?s=96&d=mm&r=g","caption":"phalfert"},"url":"https:\/\/www.yorku.ca\/yfile\/author\/phalfert\/"}]}},"taxonomy_info":{"category":[{"value":25,"label":"Editor's Picks"}],"post_tag":[{"value":69,"label":"Colleges"},{"value":6,"label":"Faculty"},{"value":80,"label":"Glendon"},{"value":73,"label":"Governance"},{"value":27,"label":"Staff"},{"value":12,"label":"Students"},{"value":4,"label":"YFile"}],"tags-to-show":[{"value":186,"label":"Colleges"},{"value":147,"label":"Faculty"},{"value":171,"label":"Glendon"},{"value":182,"label":"Governance"},{"value":148,"label":"Staff"},{"value":146,"label":"Students"}]},"featured_image_src_large":["https:\/\/www.yorku.ca\/yfile\/wp-content\/uploads\/sites\/889\/2024\/04\/Glendon-Campus-BANNER-1024x341.jpg",1024,341,true],"author_info":{"display_name":"phalfert","author_link":"https:\/\/www.yorku.ca\/yfile\/author\/phalfert\/"},"comment_info":0,"category_info":[{"term_id":25,"name":"Editor's Picks","slug":"editors-picks","term_group":0,"term_taxonomy_id":25,"taxonomy":"category","description":"","parent":0,"count":6268,"filter":"raw","cat_ID":25,"category_count":6268,"category_description":"","cat_name":"Editor's Picks","category_nicename":"editors-picks","category_parent":0}],"tag_info":[{"term_id":69,"name":"Colleges","slug":"colleges","term_group":0,"term_taxonomy_id":69,"taxonomy":"post_tag","description":"","parent":0,"count":16,"filter":"raw"},{"term_id":6,"name":"Faculty","slug":"faculty","term_group":0,"term_taxonomy_id":6,"taxonomy":"post_tag","description":"","parent":0,"count":2009,"filter":"raw"},{"term_id":80,"name":"Glendon","slug":"glendon","term_group":0,"term_taxonomy_id":80,"taxonomy":"post_tag","description":"","parent":0,"count":311,"filter":"raw"},{"term_id":73,"name":"Governance","slug":"governance","term_group":0,"term_taxonomy_id":73,"taxonomy":"post_tag","description":"","parent":0,"count":143,"filter":"raw"},{"term_id":27,"name":"Staff","slug":"staff","term_group":0,"term_taxonomy_id":27,"taxonomy":"post_tag","description":"","parent":0,"count":597,"filter":"raw"},{"term_id":12,"name":"Students","slug":"students","term_group":0,"term_taxonomy_id":12,"taxonomy":"post_tag","description":"","parent":0,"count":1639,"filter":"raw"},{"term_id":4,"name":"YFile","slug":"yfile","term_group":0,"term_taxonomy_id":4,"taxonomy":"post_tag","description":"","parent":0,"count":5305,"filter":"raw"}],"_links":{"self":[{"href":"https:\/\/www.yorku.ca\/yfile\/wp-json\/wp\/v2\/posts\/353632","targetHints":{"allow":["GET"]}}],"collection":[{"href":"https:\/\/www.yorku.ca\/yfile\/wp-json\/wp\/v2\/posts"}],"about":[{"href":"https:\/\/www.yorku.ca\/yfile\/wp-json\/wp\/v2\/types\/post"}],"author":[{"embeddable":true,"href":"https:\/\/www.yorku.ca\/yfile\/wp-json\/wp\/v2\/users\/5"}],"replies":[{"embeddable":true,"href":"https:\/\/www.yorku.ca\/yfile\/wp-json\/wp\/v2\/comments?post=353632"}],"version-history":[{"count":1,"href":"https:\/\/www.yorku.ca\/yfile\/wp-json\/wp\/v2\/posts\/353632\/revisions"}],"predecessor-version":[{"id":358563,"href":"https:\/\/www.yorku.ca\/yfile\/wp-json\/wp\/v2\/posts\/353632\/revisions\/358563"}],"wp:featuredmedia":[{"embeddable":true,"href":"https:\/\/www.yorku.ca\/yfile\/wp-json\/wp\/v2\/media\/353634"}],"wp:attachment":[{"href":"https:\/\/www.yorku.ca\/yfile\/wp-json\/wp\/v2\/media?parent=353632"}],"wp:term":[{"taxonomy":"category","embeddable":true,"href":"https:\/\/www.yorku.ca\/yfile\/wp-json\/wp\/v2\/categories?post=353632"},{"taxonomy":"post_tag","embeddable":true,"href":"https:\/\/www.yorku.ca\/yfile\/wp-json\/wp\/v2\/tags?post=353632"},{"taxonomy":"yfileauthor","embeddable":true,"href":"https:\/\/www.yorku.ca\/yfile\/wp-json\/wp\/v2\/yfileauthor?post=353632"},{"taxonomy":"qualifier","embeddable":true,"href":"https:\/\/www.yorku.ca\/yfile\/wp-json\/wp\/v2\/qualifier?post=353632"},{"taxonomy":"yfile-author","embeddable":true,"href":"https:\/\/www.yorku.ca\/yfile\/wp-json\/wp\/v2\/yfile-author?post=353632"},{"taxonomy":"tags-to-show","embeddable":true,"href":"https:\/\/www.yorku.ca\/yfile\/wp-json\/wp\/v2\/tags-to-show?post=353632"},{"taxonomy":"workflow","embeddable":true,"href":"https:\/\/www.yorku.ca\/yfile\/wp-json\/wp\/v2\/workflow?post=353632"}],"curies":[{"name":"wp","href":"https:\/\/api.w.org\/{rel}","templated":true}]}}