  {"id":353235,"date":"2024-04-20T17:36:20","date_gmt":"2024-04-20T21:36:20","guid":{"rendered":"https:\/\/yfile.news.yorku.ca\/?p=353235"},"modified":"2025-04-02T12:44:57","modified_gmt":"2025-04-02T16:44:57","slug":"message-de-la-presidente","status":"publish","type":"post","link":"https:\/\/www.yorku.ca\/yfile\/2024\/04\/20\/message-de-la-presidente\/","title":{"rendered":"Message de la pr\u00e9sidente"},"content":{"rendered":"\n<p>Ch\u00e8re communaut\u00e9 de York,<\/p>\n\n\n\n<p>En date du vendredi 19 avril, le syndicat SCFP (CUPE) 3903, qui repr\u00e9sente les auxiliaires d\u2019enseignement, le corps professoral contractuel et les auxiliaires de cycles sup\u00e9rieurs a ratifi\u00e9 les ententes provisoires conclues avec l\u2019Universit\u00e9, apr\u00e8s plusieurs mois de n\u00e9gociations collectives, mettant ainsi fin au conflit de travail.<\/p>\n\n\n\n<p>Je souhaite exprimer toute ma gratitude aux \u00e9quipes de n\u00e9gociation des deux parties prenantes pour leurs efforts visant \u00e0 renouveler pour trois ans des conventions collectives qui prennent \u00e9galement en compte les ajustements salariaux r\u00e9troactifs li\u00e9s \u00e0 la Loi 124, dans le contexte budg\u00e9taire difficile o\u00f9 se trouve l\u2019Universit\u00e9.<\/p>\n\n\n\n<p>Maintenant que nous nous appr\u00eatons \u00e0 reprendre toutes nos activit\u00e9s universitaires, nous devons bien \u00e9videmment porter notre attention sur notre population \u00e9tudiante et appuyer ses ambitions, qu\u2019il s\u2019agisse de terminer le trimestre de printemps, de commencer le trimestre d\u2019\u00e9t\u00e9 ou encore d\u2019obtenir un dipl\u00f4me de fin d\u2019\u00e9tudes, que ce soit au premier cycle ou aux cycles sup\u00e9rieurs.<\/p>\n\n\n\n<p>Le succ\u00e8s \u00e9tudiant est au c\u0153ur de la r\u00e9alisation du plan acad\u00e9mique de York, qui consiste notamment \u00e0 b\u00e2tir sur notre solide r\u00e9putation d\u2019excellence p\u00e9dagogique, sur l\u2019excellente qualit\u00e9 de nos programmes, sur l\u2019interdisciplinarit\u00e9 et l\u2019innovation en recherche, sur des partenariats locaux et internationaux sous le signe de l\u2019engagement, et sur une exp\u00e9rience universitaire chaleureuse et inclusive.<\/p>\n\n\n\n<p>Bien que le secteur postsecondaire ontarien continue d\u2019\u00eatre confront\u00e9 \u00e0 des d\u00e9fis consid\u00e9rables, l\u2019Universit\u00e9 York est bien plac\u00e9e pour saisir les occasions qui se pr\u00e9sentent \u00e0 elle pour continuer d\u2019investir dans son avenir.<\/p>\n\n\n\n<p>Ensemble, nous avons accompli tant de choses, et nous avons raison d\u2019\u00eatre fiers de nos r\u00e9alisations, comme en t\u00e9moigne notre ascension r\u00e9guli\u00e8re dans les classements mondiaux. <a href=\"https:\/\/yfile.news.yorku.ca\/2024\/04\/17\/york-demonstrates-global-national-education-leadership-in-latest-qs-subject-rankings\/\">Publi\u00e9 r\u00e9cemment, le classement mondial QS<\/a> pla\u00e7ait l\u2019Universit\u00e9 York parmi les 100 meilleures universit\u00e9s au monde dans trois disciplines, soit l\u2019\u00e9ducation, la langue anglaise et sa litt\u00e9rature, et la philosophie. Nous avons obtenu l\u2019approbation du Gouvernement pour la cr\u00e9ation d\u2019une \u00e9cole de m\u00e9decine, ce qui permettra une fois de plus de r\u00e9affirmer notre engagement \u00e0 r\u00e9pondre aux besoins en sant\u00e9 de l\u2019Ontario. Par ailleurs, notre campus de Markham ouvrira ses portes cet automne pour ainsi cr\u00e9er davantage de possibilit\u00e9s pour plusieurs Facult\u00e9s de faire fleurir le talent n\u00e9cessaire dans de nouveaux domaines en \u00e9mergence, au carrefour de l\u2019entrepreneuriat et de la technologie.<\/p>\n\n\n\n<p>Je suis certaine que vous vous r\u00e9jouirez comme moi de la reprise de toutes les activit\u00e9s universitaires et que vous souhaiterez que l\u2019on s\u2019unisse en tant que communaut\u00e9 pour continuer de travailler \u00e0 la r\u00e9alisation de notre vision, qui consiste \u00e0 offrir aux \u00e9tudiants et \u00e9tudiantes de tous les horizons une exp\u00e9rience universitaire positive.<\/p>\n\n\n\n<p>Veuillez agr\u00e9er mes sinc\u00e8res salutations,&nbsp;<\/p>\n\n\n\n<p><strong>Rhonda Lenton<br>Pr\u00e9sidente et vice-chanceli\u00e8re<\/strong><\/p>\n","protected":false},"excerpt":{"rendered":"<p>Ch\u00e8re communaut\u00e9 de York, En date du vendredi 19 avril, le syndicat SCFP (CUPE) 3903, qui repr\u00e9sente les auxiliaires d\u2019enseignement, le corps professoral contractuel et les auxiliaires de cycles sup\u00e9rieurs a ratifi\u00e9 les ententes provisoires conclues avec l\u2019Universit\u00e9, apr\u00e8s plusieurs mois de n\u00e9gociations collectives, mettant ainsi fin au conflit de travail. Je souhaite exprimer toute [&hellip;]<\/p>\n","protected":false},"author":5,"featured_media":352719,"comment_status":"closed","ping_status":"closed","sticky":false,"template":"","format":"standard","meta":{"_acf_changed":false,"_kad_blocks_custom_css":"","_kad_blocks_head_custom_js":"","_kad_blocks_body_custom_js":"","_kad_blocks_footer_custom_js":"","footnotes":""},"categories":[181,52],"tags":[29,6,26,27,12,4],"yfileauthor":[204],"qualifier":[],"yfile-author":[],"tags-to-show":[145,147,174,148,146],"workflow":[],"class_list":["post-353235","post","type-post","status-publish","format-standard","has-post-thumbnail","hentry","category-francais","category-take-note","tag-community","tag-faculty","tag-president","tag-staff","tag-students","tag-yfile","yfileauthor-yfilestaff","tags-to-show-community","tags-to-show-faculty","tags-to-show-president","tags-to-show-staff","tags-to-show-students"],"acf":{"internal_publish_date":null,"original_image":null},"yoast_head":"<!-- This site is optimized with the Yoast SEO plugin v27.4 - https:\/\/yoast.com\/product\/yoast-seo-wordpress\/ -->\n<title>Message de la pr\u00e9sidente - YFile<\/title>\n<meta name=\"robots\" content=\"index, follow, max-snippet:-1, max-image-preview:large, max-video-preview:-1\" \/>\n<link rel=\"canonical\" href=\"https:\/\/www.yorku.ca\/yfile\/2024\/04\/20\/message-de-la-presidente\/\" \/>\n<meta property=\"og:locale\" content=\"en_US\" \/>\n<meta property=\"og:type\" content=\"article\" \/>\n<meta property=\"og:title\" content=\"Message de la pr\u00e9sidente - YFile\" \/>\n<meta property=\"og:description\" content=\"Ch\u00e8re communaut\u00e9 de York, En date du vendredi 19 avril, le syndicat SCFP (CUPE) 3903, qui repr\u00e9sente les auxiliaires d\u2019enseignement, le corps professoral contractuel et les auxiliaires de cycles sup\u00e9rieurs a ratifi\u00e9 les ententes provisoires conclues avec l\u2019Universit\u00e9, apr\u00e8s plusieurs mois de n\u00e9gociations collectives, mettant ainsi fin au conflit de travail. Je souhaite exprimer toute [&hellip;]\" \/>\n<meta property=\"og:url\" content=\"https:\/\/www.yorku.ca\/yfile\/2024\/04\/20\/message-de-la-presidente\/\" \/>\n<meta property=\"og:site_name\" content=\"YFile\" \/>\n<meta property=\"article:published_time\" content=\"2024-04-20T21:36:20+00:00\" \/>\n<meta property=\"article:modified_time\" content=\"2025-04-02T16:44:57+00:00\" \/>\n<meta property=\"og:image\" content=\"https:\/\/www.yorku.ca\/yfile\/wp-content\/uploads\/sites\/889\/2024\/04\/uiwk2plc-1.png\" \/>\n\t<meta property=\"og:image:width\" content=\"1800\" \/>\n\t<meta property=\"og:image:height\" content=\"600\" \/>\n\t<meta property=\"og:image:type\" content=\"image\/png\" \/>\n<meta name=\"author\" content=\"phalfert\" \/>\n<meta name=\"twitter:card\" content=\"summary_large_image\" \/>\n<meta name=\"twitter:label1\" content=\"Written by\" \/>\n\t<meta name=\"twitter:data1\" content=\"phalfert\" \/>\n\t<meta name=\"twitter:label2\" content=\"Est. reading time\" \/>\n\t<meta name=\"twitter:data2\" content=\"3 minutes\" \/>\n<script type=\"application\/ld+json\" class=\"yoast-schema-graph\">{\"@context\":\"https:\\\/\\\/schema.org\",\"@graph\":[{\"@type\":\"Article\",\"@id\":\"https:\\\/\\\/www.yorku.ca\\\/yfile\\\/2024\\\/04\\\/20\\\/message-de-la-presidente\\\/#article\",\"isPartOf\":{\"@id\":\"https:\\\/\\\/www.yorku.ca\\\/yfile\\\/2024\\\/04\\\/20\\\/message-de-la-presidente\\\/\"},\"author\":{\"name\":\"phalfert\",\"@id\":\"https:\\\/\\\/www.yorku.ca\\\/yfile\\\/#\\\/schema\\\/person\\\/21f3dffe794363be5ece4ec7f538a0c0\"},\"headline\":\"Message de la pr\u00e9sidente\",\"datePublished\":\"2024-04-20T21:36:20+00:00\",\"dateModified\":\"2025-04-02T16:44:57+00:00\",\"mainEntityOfPage\":{\"@id\":\"https:\\\/\\\/www.yorku.ca\\\/yfile\\\/2024\\\/04\\\/20\\\/message-de-la-presidente\\\/\"},\"wordCount\":504,\"image\":{\"@id\":\"https:\\\/\\\/www.yorku.ca\\\/yfile\\\/2024\\\/04\\\/20\\\/message-de-la-presidente\\\/#primaryimage\"},\"thumbnailUrl\":\"https:\\\/\\\/www.yorku.ca\\\/yfile\\\/wp-content\\\/uploads\\\/sites\\\/889\\\/2024\\\/04\\\/uiwk2plc-1.png\",\"keywords\":[\"Community\",\"Faculty\",\"President\",\"Staff\",\"Students\",\"YFile\"],\"articleSection\":[\"Fran\u00e7ais\",\"Take Note\"],\"inLanguage\":\"en-CA\",\"copyrightYear\":\"2024\",\"copyrightHolder\":{\"@id\":\"https:\\\/\\\/www.yorku.ca\\\/yfile\\\/#organization\"}},{\"@type\":\"WebPage\",\"@id\":\"https:\\\/\\\/www.yorku.ca\\\/yfile\\\/2024\\\/04\\\/20\\\/message-de-la-presidente\\\/\",\"url\":\"https:\\\/\\\/www.yorku.ca\\\/yfile\\\/2024\\\/04\\\/20\\\/message-de-la-presidente\\\/\",\"name\":\"Message de la pr\u00e9sidente - YFile\",\"isPartOf\":{\"@id\":\"https:\\\/\\\/www.yorku.ca\\\/yfile\\\/#website\"},\"primaryImageOfPage\":{\"@id\":\"https:\\\/\\\/www.yorku.ca\\\/yfile\\\/2024\\\/04\\\/20\\\/message-de-la-presidente\\\/#primaryimage\"},\"image\":{\"@id\":\"https:\\\/\\\/www.yorku.ca\\\/yfile\\\/2024\\\/04\\\/20\\\/message-de-la-presidente\\\/#primaryimage\"},\"thumbnailUrl\":\"https:\\\/\\\/www.yorku.ca\\\/yfile\\\/wp-content\\\/uploads\\\/sites\\\/889\\\/2024\\\/04\\\/uiwk2plc-1.png\",\"datePublished\":\"2024-04-20T21:36:20+00:00\",\"dateModified\":\"2025-04-02T16:44:57+00:00\",\"author\":{\"@id\":\"https:\\\/\\\/www.yorku.ca\\\/yfile\\\/#\\\/schema\\\/person\\\/21f3dffe794363be5ece4ec7f538a0c0\"},\"breadcrumb\":{\"@id\":\"https:\\\/\\\/www.yorku.ca\\\/yfile\\\/2024\\\/04\\\/20\\\/message-de-la-presidente\\\/#breadcrumb\"},\"inLanguage\":\"en-CA\",\"potentialAction\":[{\"@type\":\"ReadAction\",\"target\":[\"https:\\\/\\\/www.yorku.ca\\\/yfile\\\/2024\\\/04\\\/20\\\/message-de-la-presidente\\\/\"]}]},{\"@type\":\"ImageObject\",\"inLanguage\":\"en-CA\",\"@id\":\"https:\\\/\\\/www.yorku.ca\\\/yfile\\\/2024\\\/04\\\/20\\\/message-de-la-presidente\\\/#primaryimage\",\"url\":\"https:\\\/\\\/www.yorku.ca\\\/yfile\\\/wp-content\\\/uploads\\\/sites\\\/889\\\/2024\\\/04\\\/uiwk2plc-1.png\",\"contentUrl\":\"https:\\\/\\\/www.yorku.ca\\\/yfile\\\/wp-content\\\/uploads\\\/sites\\\/889\\\/2024\\\/04\\\/uiwk2plc-1.png\",\"width\":1800,\"height\":600,\"caption\":\"¿ì²¥ÊÓÆµ letters in Vari Hall\"},{\"@type\":\"BreadcrumbList\",\"@id\":\"https:\\\/\\\/www.yorku.ca\\\/yfile\\\/2024\\\/04\\\/20\\\/message-de-la-presidente\\\/#breadcrumb\",\"itemListElement\":[{\"@type\":\"ListItem\",\"position\":1,\"name\":\"Home\",\"item\":\"https:\\\/\\\/www.yorku.ca\\\/yfile\\\/\"},{\"@type\":\"ListItem\",\"position\":2,\"name\":\"Message de la pr\u00e9sidente\"}]},{\"@type\":\"WebSite\",\"@id\":\"https:\\\/\\\/www.yorku.ca\\\/yfile\\\/#website\",\"url\":\"https:\\\/\\\/www.yorku.ca\\\/yfile\\\/\",\"name\":\"YFile\",\"description\":\"\",\"potentialAction\":[{\"@type\":\"SearchAction\",\"target\":{\"@type\":\"EntryPoint\",\"urlTemplate\":\"https:\\\/\\\/www.yorku.ca\\\/yfile\\\/?s={search_term_string}\"},\"query-input\":{\"@type\":\"PropertyValueSpecification\",\"valueRequired\":true,\"valueName\":\"search_term_string\"}}],\"inLanguage\":\"en-CA\"},{\"@type\":\"Person\",\"@id\":\"https:\\\/\\\/www.yorku.ca\\\/yfile\\\/#\\\/schema\\\/person\\\/21f3dffe794363be5ece4ec7f538a0c0\",\"name\":\"phalfert\",\"image\":{\"@type\":\"ImageObject\",\"inLanguage\":\"en-CA\",\"@id\":\"https:\\\/\\\/secure.gravatar.com\\\/avatar\\\/9e3ac8a4ede7f72dd695c074c5291e11739705deae1422de177298d5aad6d559?s=96&d=mm&r=g\",\"url\":\"https:\\\/\\\/secure.gravatar.com\\\/avatar\\\/9e3ac8a4ede7f72dd695c074c5291e11739705deae1422de177298d5aad6d559?s=96&d=mm&r=g\",\"contentUrl\":\"https:\\\/\\\/secure.gravatar.com\\\/avatar\\\/9e3ac8a4ede7f72dd695c074c5291e11739705deae1422de177298d5aad6d559?s=96&d=mm&r=g\",\"caption\":\"phalfert\"},\"url\":\"https:\\\/\\\/www.yorku.ca\\\/yfile\\\/author\\\/phalfert\\\/\"}]}<\/script>\n<!-- \/ Yoast SEO plugin. -->","yoast_head_json":{"title":"Message de la pr\u00e9sidente - YFile","robots":{"index":"index","follow":"follow","max-snippet":"max-snippet:-1","max-image-preview":"max-image-preview:large","max-video-preview":"max-video-preview:-1"},"canonical":"https:\/\/www.yorku.ca\/yfile\/2024\/04\/20\/message-de-la-presidente\/","og_locale":"en_US","og_type":"article","og_title":"Message de la pr\u00e9sidente - YFile","og_description":"Ch\u00e8re communaut\u00e9 de York, En date du vendredi 19 avril, le syndicat SCFP (CUPE) 3903, qui repr\u00e9sente les auxiliaires d\u2019enseignement, le corps professoral contractuel et les auxiliaires de cycles sup\u00e9rieurs a ratifi\u00e9 les ententes provisoires conclues avec l\u2019Universit\u00e9, apr\u00e8s plusieurs mois de n\u00e9gociations collectives, mettant ainsi fin au conflit de travail. Je souhaite exprimer toute [&hellip;]","og_url":"https:\/\/www.yorku.ca\/yfile\/2024\/04\/20\/message-de-la-presidente\/","og_site_name":"YFile","article_published_time":"2024-04-20T21:36:20+00:00","article_modified_time":"2025-04-02T16:44:57+00:00","og_image":[{"width":1800,"height":600,"url":"https:\/\/www.yorku.ca\/yfile\/wp-content\/uploads\/sites\/889\/2024\/04\/uiwk2plc-1.png","type":"image\/png"}],"author":"phalfert","twitter_card":"summary_large_image","twitter_misc":{"Written by":"phalfert","Est. reading time":"3 minutes"},"schema":{"@context":"https:\/\/schema.org","@graph":[{"@type":"Article","@id":"https:\/\/www.yorku.ca\/yfile\/2024\/04\/20\/message-de-la-presidente\/#article","isPartOf":{"@id":"https:\/\/www.yorku.ca\/yfile\/2024\/04\/20\/message-de-la-presidente\/"},"author":{"name":"phalfert","@id":"https:\/\/www.yorku.ca\/yfile\/#\/schema\/person\/21f3dffe794363be5ece4ec7f538a0c0"},"headline":"Message de la pr\u00e9sidente","datePublished":"2024-04-20T21:36:20+00:00","dateModified":"2025-04-02T16:44:57+00:00","mainEntityOfPage":{"@id":"https:\/\/www.yorku.ca\/yfile\/2024\/04\/20\/message-de-la-presidente\/"},"wordCount":504,"image":{"@id":"https:\/\/www.yorku.ca\/yfile\/2024\/04\/20\/message-de-la-presidente\/#primaryimage"},"thumbnailUrl":"https:\/\/www.yorku.ca\/yfile\/wp-content\/uploads\/sites\/889\/2024\/04\/uiwk2plc-1.png","keywords":["Community","Faculty","President","Staff","Students","YFile"],"articleSection":["Fran\u00e7ais","Take Note"],"inLanguage":"en-CA","copyrightYear":"2024","copyrightHolder":{"@id":"https:\/\/www.yorku.ca\/yfile\/#organization"}},{"@type":"WebPage","@id":"https:\/\/www.yorku.ca\/yfile\/2024\/04\/20\/message-de-la-presidente\/","url":"https:\/\/www.yorku.ca\/yfile\/2024\/04\/20\/message-de-la-presidente\/","name":"Message de la pr\u00e9sidente - YFile","isPartOf":{"@id":"https:\/\/www.yorku.ca\/yfile\/#website"},"primaryImageOfPage":{"@id":"https:\/\/www.yorku.ca\/yfile\/2024\/04\/20\/message-de-la-presidente\/#primaryimage"},"image":{"@id":"https:\/\/www.yorku.ca\/yfile\/2024\/04\/20\/message-de-la-presidente\/#primaryimage"},"thumbnailUrl":"https:\/\/www.yorku.ca\/yfile\/wp-content\/uploads\/sites\/889\/2024\/04\/uiwk2plc-1.png","datePublished":"2024-04-20T21:36:20+00:00","dateModified":"2025-04-02T16:44:57+00:00","author":{"@id":"https:\/\/www.yorku.ca\/yfile\/#\/schema\/person\/21f3dffe794363be5ece4ec7f538a0c0"},"breadcrumb":{"@id":"https:\/\/www.yorku.ca\/yfile\/2024\/04\/20\/message-de-la-presidente\/#breadcrumb"},"inLanguage":"en-CA","potentialAction":[{"@type":"ReadAction","target":["https:\/\/www.yorku.ca\/yfile\/2024\/04\/20\/message-de-la-presidente\/"]}]},{"@type":"ImageObject","inLanguage":"en-CA","@id":"https:\/\/www.yorku.ca\/yfile\/2024\/04\/20\/message-de-la-presidente\/#primaryimage","url":"https:\/\/www.yorku.ca\/yfile\/wp-content\/uploads\/sites\/889\/2024\/04\/uiwk2plc-1.png","contentUrl":"https:\/\/www.yorku.ca\/yfile\/wp-content\/uploads\/sites\/889\/2024\/04\/uiwk2plc-1.png","width":1800,"height":600,"caption":"¿ì²¥ÊÓÆµ letters in Vari Hall"},{"@type":"BreadcrumbList","@id":"https:\/\/www.yorku.ca\/yfile\/2024\/04\/20\/message-de-la-presidente\/#breadcrumb","itemListElement":[{"@type":"ListItem","position":1,"name":"Home","item":"https:\/\/www.yorku.ca\/yfile\/"},{"@type":"ListItem","position":2,"name":"Message de la pr\u00e9sidente"}]},{"@type":"WebSite","@id":"https:\/\/www.yorku.ca\/yfile\/#website","url":"https:\/\/www.yorku.ca\/yfile\/","name":"YFile","description":"","potentialAction":[{"@type":"SearchAction","target":{"@type":"EntryPoint","urlTemplate":"https:\/\/www.yorku.ca\/yfile\/?s={search_term_string}"},"query-input":{"@type":"PropertyValueSpecification","valueRequired":true,"valueName":"search_term_string"}}],"inLanguage":"en-CA"},{"@type":"Person","@id":"https:\/\/www.yorku.ca\/yfile\/#\/schema\/person\/21f3dffe794363be5ece4ec7f538a0c0","name":"phalfert","image":{"@type":"ImageObject","inLanguage":"en-CA","@id":"https:\/\/secure.gravatar.com\/avatar\/9e3ac8a4ede7f72dd695c074c5291e11739705deae1422de177298d5aad6d559?s=96&d=mm&r=g","url":"https:\/\/secure.gravatar.com\/avatar\/9e3ac8a4ede7f72dd695c074c5291e11739705deae1422de177298d5aad6d559?s=96&d=mm&r=g","contentUrl":"https:\/\/secure.gravatar.com\/avatar\/9e3ac8a4ede7f72dd695c074c5291e11739705deae1422de177298d5aad6d559?s=96&d=mm&r=g","caption":"phalfert"},"url":"https:\/\/www.yorku.ca\/yfile\/author\/phalfert\/"}]}},"taxonomy_info":{"category":[{"value":181,"label":"Fran\u00e7ais"},{"value":52,"label":"Take Note"}],"post_tag":[{"value":29,"label":"Community"},{"value":6,"label":"Faculty"},{"value":26,"label":"President"},{"value":27,"label":"Staff"},{"value":12,"label":"Students"},{"value":4,"label":"YFile"}],"yfileauthor":[{"value":204,"label":"YFile Staff"}],"tags-to-show":[{"value":145,"label":"Community"},{"value":147,"label":"Faculty"},{"value":174,"label":"President"},{"value":148,"label":"Staff"},{"value":146,"label":"Students"}]},"featured_image_src_large":["https:\/\/www.yorku.ca\/yfile\/wp-content\/uploads\/sites\/889\/2024\/04\/uiwk2plc-1-1024x341.png",1024,341,true],"author_info":{"display_name":"phalfert","author_link":"https:\/\/www.yorku.ca\/yfile\/author\/phalfert\/"},"comment_info":0,"category_info":[{"term_id":181,"name":"Fran\u00e7ais","slug":"francais","term_group":0,"term_taxonomy_id":181,"taxonomy":"category","description":"Institutional news and announcements in French.","parent":0,"count":87,"filter":"raw","cat_ID":181,"category_count":87,"category_description":"Institutional news and announcements in French.","cat_name":"Fran\u00e7ais","category_nicename":"francais","category_parent":0},{"term_id":52,"name":"Take Note","slug":"take-note","term_group":0,"term_taxonomy_id":52,"taxonomy":"category","description":"","parent":0,"count":2373,"filter":"raw","cat_ID":52,"category_count":2373,"category_description":"","cat_name":"Take Note","category_nicename":"take-note","category_parent":0}],"tag_info":[{"term_id":29,"name":"Community","slug":"community","term_group":0,"term_taxonomy_id":29,"taxonomy":"post_tag","description":"","parent":0,"count":966,"filter":"raw"},{"term_id":6,"name":"Faculty","slug":"faculty","term_group":0,"term_taxonomy_id":6,"taxonomy":"post_tag","description":"","parent":0,"count":2009,"filter":"raw"},{"term_id":26,"name":"President","slug":"president","term_group":0,"term_taxonomy_id":26,"taxonomy":"post_tag","description":"","parent":0,"count":405,"filter":"raw"},{"term_id":27,"name":"Staff","slug":"staff","term_group":0,"term_taxonomy_id":27,"taxonomy":"post_tag","description":"","parent":0,"count":597,"filter":"raw"},{"term_id":12,"name":"Students","slug":"students","term_group":0,"term_taxonomy_id":12,"taxonomy":"post_tag","description":"","parent":0,"count":1639,"filter":"raw"},{"term_id":4,"name":"YFile","slug":"yfile","term_group":0,"term_taxonomy_id":4,"taxonomy":"post_tag","description":"","parent":0,"count":5305,"filter":"raw"}],"_links":{"self":[{"href":"https:\/\/www.yorku.ca\/yfile\/wp-json\/wp\/v2\/posts\/353235","targetHints":{"allow":["GET"]}}],"collection":[{"href":"https:\/\/www.yorku.ca\/yfile\/wp-json\/wp\/v2\/posts"}],"about":[{"href":"https:\/\/www.yorku.ca\/yfile\/wp-json\/wp\/v2\/types\/post"}],"author":[{"embeddable":true,"href":"https:\/\/www.yorku.ca\/yfile\/wp-json\/wp\/v2\/users\/5"}],"replies":[{"embeddable":true,"href":"https:\/\/www.yorku.ca\/yfile\/wp-json\/wp\/v2\/comments?post=353235"}],"version-history":[{"count":1,"href":"https:\/\/www.yorku.ca\/yfile\/wp-json\/wp\/v2\/posts\/353235\/revisions"}],"predecessor-version":[{"id":358604,"href":"https:\/\/www.yorku.ca\/yfile\/wp-json\/wp\/v2\/posts\/353235\/revisions\/358604"}],"wp:featuredmedia":[{"embeddable":true,"href":"https:\/\/www.yorku.ca\/yfile\/wp-json\/wp\/v2\/media\/352719"}],"wp:attachment":[{"href":"https:\/\/www.yorku.ca\/yfile\/wp-json\/wp\/v2\/media?parent=353235"}],"wp:term":[{"taxonomy":"category","embeddable":true,"href":"https:\/\/www.yorku.ca\/yfile\/wp-json\/wp\/v2\/categories?post=353235"},{"taxonomy":"post_tag","embeddable":true,"href":"https:\/\/www.yorku.ca\/yfile\/wp-json\/wp\/v2\/tags?post=353235"},{"taxonomy":"yfileauthor","embeddable":true,"href":"https:\/\/www.yorku.ca\/yfile\/wp-json\/wp\/v2\/yfileauthor?post=353235"},{"taxonomy":"qualifier","embeddable":true,"href":"https:\/\/www.yorku.ca\/yfile\/wp-json\/wp\/v2\/qualifier?post=353235"},{"taxonomy":"yfile-author","embeddable":true,"href":"https:\/\/www.yorku.ca\/yfile\/wp-json\/wp\/v2\/yfile-author?post=353235"},{"taxonomy":"tags-to-show","embeddable":true,"href":"https:\/\/www.yorku.ca\/yfile\/wp-json\/wp\/v2\/tags-to-show?post=353235"},{"taxonomy":"workflow","embeddable":true,"href":"https:\/\/www.yorku.ca\/yfile\/wp-json\/wp\/v2\/workflow?post=353235"}],"curies":[{"name":"wp","href":"https:\/\/api.w.org\/{rel}","templated":true}]}}