  {"id":346339,"date":"2023-12-01T15:02:00","date_gmt":"2023-12-01T20:02:00","guid":{"rendered":"https:\/\/yfile.news.yorku.ca\/?p=346339"},"modified":"2025-04-02T12:39:46","modified_gmt":"2025-04-02T16:39:46","slug":"holiday-closure-information-for-the-community-3","status":"publish","type":"post","link":"https:\/\/www.yorku.ca\/yfile\/2023\/12\/01\/holiday-closure-information-for-the-community-3\/","title":{"rendered":"Holiday closure information for the community"},"content":{"rendered":"\n\n\n<p><em>La version fran\u00e7aise suit la version anglaise.<\/em>&nbsp;<\/p>\n\n\n\n<p>Dear York community,<\/p>\n\n\n\n<p>As the holiday season approaches, I would like to remind you of the extended University holiday closure period. York\u2019s campuses will be closed as of Friday, Dec. 22, 2023, through to Tuesday, Jan. 2, 2024, and will&nbsp;<strong>re-open on Wednesday, Jan. 3, 2024<\/strong>.&nbsp;&nbsp;Please note that there are a few&nbsp;<a href=\"https:\/\/registrar.yorku.ca\/enrol\/dates\/2023-2024\/fall-winter\" target=\"_blank\" rel=\"noreferrer noopener\">exceptions<\/a>&nbsp;to the reopening date for some Faculties and units.<\/p>\n\n\n\n<p>On behalf of the University, I would also like to take this opportunity to extend sincere gratitude to all of our colleagues who are required to work or provide instruction over the holiday period. <\/p>\n\n\n\n<p>Staff who require building access during the closure period should notify their respective managers, leadership or designates.&nbsp;<strong>For those who do not currently have electronic or key access to their building and require access during the holiday closure,&nbsp;<\/strong>please make individual building access arrangements through your managers.<\/p>\n\n\n\n<p><strong>How to obtain keys and access privileges<\/strong>:<\/p>\n\n\n\n<ul class=\"wp-block-list\">\n<li>As most of the buildings at the University have&nbsp;<a href=\"https:\/\/www.yorku.ca\/yucard\/\" target=\"_blank\" rel=\"noreferrer noopener\">YU-card<\/a>&nbsp;access, please make every effort to obtain a current YU-card prior to the holidays.<\/li>\n\n\n\n<li>Requests for YU-card privileges during the holiday closure period must be submitted by&nbsp;<strong>Friday, Dec. 15<\/strong>&nbsp;to your manager, who will liaise with Doorcard Services (<a href=\"mailto:doorcard@yorku.ca\" target=\"_blank\" rel=\"noreferrer noopener\">doorcard@yorku.ca<\/a>).<\/li>\n\n\n\n<li>Keys can be obtained by contacting your respective department\u2019s administrative staff, who can submit an order for a physical key via Maximo.<\/li>\n\n\n\n<li>If you are using a key for building access, please ensure you also have your office key or YU-card to gain full access to your area.<\/li>\n<\/ul>\n\n\n\n<p>If you are working alone during the holiday closure, please be aware of the&nbsp;<a href=\"https:\/\/www.yorku.ca\/safety\/wwa\/\" target=\"_blank\" rel=\"noreferrer noopener\">Why Work Alone Program<\/a>&nbsp;provided by the Community Safety ¿ì²¥ÊÓÆµ Department. You can request that Security Services check in on you periodically while you are on campus.<\/p>\n\n\n\n<p>Thank you for your continued support and we wish you all a safe and happy holiday.<\/p>\n\n\n\n<p>Sincerely,<\/p>\n\n\n\n<p><strong>Carol McAulay<br>Vice-President, Finance and Administration<\/strong><\/p>\n\n\n\n<hr class=\"wp-block-separator has-alpha-channel-opacity\"\/>\n\n\n\n<h3 class=\"wp-block-heading\">Information au sujet de la fermeture pour les f\u00eates<\/h3>\n\n\n\n<p>Chers membres de la communaut\u00e9 de York,<\/p>\n\n\n\n<p>\u00c0 l\u2019approche de la saison des f\u00eates, je tiens \u00e0 vous rappeler la fermeture prolong\u00e9e de l\u2019Universit\u00e9 \u00e0 cette occasion. Les campus de York seront ferm\u00e9s du vendredi&nbsp;22&nbsp;d\u00e9cembre&nbsp;2023 au mardi&nbsp;2&nbsp;janvier&nbsp;2024 inclusivement;&nbsp;<strong>ils<\/strong>&nbsp;<strong>rouvriront le mercredi&nbsp;3&nbsp;janvier&nbsp;2024<\/strong>. Veuillez noter qu\u2019il existe quelques&nbsp;<a href=\"https:\/\/registrar.yorku.ca\/enrol\/dates\/2023-2024\/fall-winter\" target=\"_blank\" rel=\"noreferrer noopener\">exceptions<\/a>&nbsp;\u00e0 la date de r\u00e9ouverture pour certaines facult\u00e9s et unit\u00e9s.<\/p>\n\n\n\n<p>De la part de toute l\u2019Universit\u00e9, nous profitons \u00e9galement de cette occasion pour exprimer notre sinc\u00e8re gratitude \u00e0 nos coll\u00e8gues qui doivent travailler ou donner des cours pendant la p\u00e9riode des f\u00eates.<\/p>\n\n\n\n<p>Les membres du personnel qui ont besoin d\u2019acc\u00e9der aux b\u00e2timents pendant la p\u00e9riode de fermeture doivent en informer leurs gestionnaires, sup\u00e9rieurs ou personnes d\u00e9sign\u00e9es.&nbsp;<strong>Si vous<\/strong>&nbsp;<strong>ne disposez actuellement pas d\u2019un acc\u00e8s \u00e9lectronique ou d\u2019une cl\u00e9 pour votre b\u00e2timent et que vous avez besoin d\u2019y acc\u00e9der pendant la fermeture des f\u00eates,&nbsp;<\/strong>nous vous prions de prendre les arrangements n\u00e9cessaires aupr\u00e8s de vos gestionnaires.<\/p>\n\n\n\n<p><strong>Comment obtenir les cl\u00e9s et les privil\u00e8ges d\u2019acc\u00e8s<\/strong><strong><\/strong><\/p>\n\n\n\n<ul class=\"wp-block-list\">\n<li>Comme la plupart des b\u00e2timents de l\u2019Universit\u00e9 sont accessibles avec la&nbsp;<a href=\"https:\/\/www.yorku.ca\/yucard\/\" target=\"_blank\" rel=\"noreferrer noopener\">carte YU<\/a>, efforcez-vous d\u2019obtenir une carte YU valide avant les f\u00eates.<\/li>\n\n\n\n<li>Les demandes de privil\u00e8ges pour les cartes YU pendant la fermeture doivent \u00eatre soumises avant le&nbsp;<strong>vendredi&nbsp;15&nbsp;d\u00e9cembre<\/strong>&nbsp;\u00e0 votre responsable, qui assurera la liaison avec les Services d\u2019acc\u00e8s (<a href=\"mailto:doorcard@yorku.ca\" target=\"_blank\" rel=\"noreferrer noopener\">doorcard@yorku.ca<\/a>).<\/li>\n\n\n\n<li>Vous pouvez obtenir des cl\u00e9s en contactant le personnel administratif de votre d\u00e9partement, qui commandera une cl\u00e9 via Maximo.<\/li>\n\n\n\n<li>Si vous utilisez une cl\u00e9 pour acc\u00e9der \u00e0 votre b\u00e2timent, assurez-vous d\u2019avoir aussi votre cl\u00e9 de bureau ou votre carte YU pour un acc\u00e8s complet \u00e0 votre zone.<\/li>\n<\/ul>\n\n\n\n<p>Si vous travaillez solo pendant la fermeture des f\u00eates, veuillez consulter le programme&nbsp;<a href=\"https:\/\/www.yorku.ca\/safety\/wwa\/\" target=\"_blank\" rel=\"noreferrer noopener\">Pourquoi travailler seul?<\/a>&nbsp;offert par le D\u00e9partement de la s\u00e9curit\u00e9 communautaire. Vous pouvez demander aux Services de s\u00e9curit\u00e9 de prendre p\u00e9riodiquement de vos nouvelles pendant que vous \u00eates sur les campus.<\/p>\n\n\n\n<p>Je vous remercie pour votre soutien continu et je vous souhaite de passer de bonnes f\u00eates en toute s\u00e9curit\u00e9.<\/p>\n\n\n\n<p>Sinc\u00e8res salutations,<\/p>\n\n\n\n<p><strong>Carol McAulay<br>Vice-pr\u00e9sidente des finances et de l\u2019administration<\/strong><\/p>\n","protected":false},"excerpt":{"rendered":"<p>York\u2019s campuses will be closed as of Friday, Dec. 22, 2023, through to Tuesday, Jan. 2, 2024, and will\u00a0reopen on Wednesday, Jan. 3, 2024.\u00a0<\/p>\n","protected":false},"author":5,"featured_media":346340,"comment_status":"closed","ping_status":"closed","sticky":false,"template":"","format":"standard","meta":{"_acf_changed":false,"_kad_blocks_custom_css":"","_kad_blocks_head_custom_js":"","_kad_blocks_body_custom_js":"","_kad_blocks_footer_custom_js":"","footnotes":""},"categories":[11],"tags":[6,79,27,12,4],"yfileauthor":[],"qualifier":[],"yfile-author":[],"tags-to-show":[147,195,148,146],"workflow":[],"class_list":["post-346339","post","type-post","status-publish","format-standard","has-post-thumbnail","hentry","category-latest-news","tag-faculty","tag-operations","tag-staff","tag-students","tag-yfile","tags-to-show-faculty","tags-to-show-operations","tags-to-show-staff","tags-to-show-students"],"acf":{"internal_publish_date":null,"original_image":null},"yoast_head":"<!-- This site is optimized with the Yoast SEO plugin v27.4 - https:\/\/yoast.com\/product\/yoast-seo-wordpress\/ -->\n<title>Holiday closure information for the community - YFile<\/title>\n<meta name=\"robots\" content=\"index, follow, max-snippet:-1, max-image-preview:large, max-video-preview:-1\" \/>\n<link rel=\"canonical\" href=\"https:\/\/www.yorku.ca\/yfile\/2023\/12\/01\/holiday-closure-information-for-the-community-3\/\" \/>\n<meta property=\"og:locale\" content=\"en_US\" \/>\n<meta property=\"og:type\" content=\"article\" \/>\n<meta property=\"og:title\" content=\"Holiday closure information for the community - YFile\" \/>\n<meta property=\"og:description\" content=\"York\u2019s campuses will be closed as of Friday, Dec. 22, 2023, through to Tuesday, Jan. 2, 2024, and will\u00a0reopen on Wednesday, Jan. 3, 2024.\u00a0\" \/>\n<meta property=\"og:url\" content=\"https:\/\/www.yorku.ca\/yfile\/2023\/12\/01\/holiday-closure-information-for-the-community-3\/\" \/>\n<meta property=\"og:site_name\" content=\"YFile\" \/>\n<meta property=\"article:published_time\" content=\"2023-12-01T20:02:00+00:00\" \/>\n<meta property=\"article:modified_time\" content=\"2025-04-02T16:39:46+00:00\" \/>\n<meta property=\"og:image\" content=\"https:\/\/www.yorku.ca\/yfile\/wp-content\/uploads\/sites\/889\/2023\/11\/aerial-Keele-Campus-winter-banner-scaled-1.jpg\" \/>\n\t<meta property=\"og:image:width\" content=\"2560\" \/>\n\t<meta property=\"og:image:height\" content=\"854\" \/>\n\t<meta property=\"og:image:type\" content=\"image\/jpeg\" \/>\n<meta name=\"author\" content=\"phalfert\" \/>\n<meta name=\"twitter:card\" content=\"summary_large_image\" \/>\n<meta name=\"twitter:label1\" content=\"Written by\" \/>\n\t<meta name=\"twitter:data1\" content=\"phalfert\" \/>\n\t<meta name=\"twitter:label2\" content=\"Est. reading time\" \/>\n\t<meta name=\"twitter:data2\" content=\"3 minutes\" \/>\n<script type=\"application\/ld+json\" class=\"yoast-schema-graph\">{\"@context\":\"https:\\\/\\\/schema.org\",\"@graph\":[{\"@type\":\"Article\",\"@id\":\"https:\\\/\\\/www.yorku.ca\\\/yfile\\\/2023\\\/12\\\/01\\\/holiday-closure-information-for-the-community-3\\\/#article\",\"isPartOf\":{\"@id\":\"https:\\\/\\\/www.yorku.ca\\\/yfile\\\/2023\\\/12\\\/01\\\/holiday-closure-information-for-the-community-3\\\/\"},\"author\":{\"name\":\"phalfert\",\"@id\":\"https:\\\/\\\/www.yorku.ca\\\/yfile\\\/#\\\/schema\\\/person\\\/21f3dffe794363be5ece4ec7f538a0c0\"},\"headline\":\"Holiday closure information for the community\",\"datePublished\":\"2023-12-01T20:02:00+00:00\",\"dateModified\":\"2025-04-02T16:39:46+00:00\",\"mainEntityOfPage\":{\"@id\":\"https:\\\/\\\/www.yorku.ca\\\/yfile\\\/2023\\\/12\\\/01\\\/holiday-closure-information-for-the-community-3\\\/\"},\"wordCount\":757,\"image\":{\"@id\":\"https:\\\/\\\/www.yorku.ca\\\/yfile\\\/2023\\\/12\\\/01\\\/holiday-closure-information-for-the-community-3\\\/#primaryimage\"},\"thumbnailUrl\":\"https:\\\/\\\/www.yorku.ca\\\/yfile\\\/wp-content\\\/uploads\\\/sites\\\/889\\\/2023\\\/11\\\/aerial-Keele-Campus-winter-banner-scaled-1.jpg\",\"keywords\":[\"Faculty\",\"Operations\",\"Staff\",\"Students\",\"YFile\"],\"articleSection\":[\"Latest News\"],\"inLanguage\":\"en-CA\",\"copyrightYear\":\"2023\",\"copyrightHolder\":{\"@id\":\"https:\\\/\\\/www.yorku.ca\\\/yfile\\\/#organization\"}},{\"@type\":\"WebPage\",\"@id\":\"https:\\\/\\\/www.yorku.ca\\\/yfile\\\/2023\\\/12\\\/01\\\/holiday-closure-information-for-the-community-3\\\/\",\"url\":\"https:\\\/\\\/www.yorku.ca\\\/yfile\\\/2023\\\/12\\\/01\\\/holiday-closure-information-for-the-community-3\\\/\",\"name\":\"Holiday closure information for the community - YFile\",\"isPartOf\":{\"@id\":\"https:\\\/\\\/www.yorku.ca\\\/yfile\\\/#website\"},\"primaryImageOfPage\":{\"@id\":\"https:\\\/\\\/www.yorku.ca\\\/yfile\\\/2023\\\/12\\\/01\\\/holiday-closure-information-for-the-community-3\\\/#primaryimage\"},\"image\":{\"@id\":\"https:\\\/\\\/www.yorku.ca\\\/yfile\\\/2023\\\/12\\\/01\\\/holiday-closure-information-for-the-community-3\\\/#primaryimage\"},\"thumbnailUrl\":\"https:\\\/\\\/www.yorku.ca\\\/yfile\\\/wp-content\\\/uploads\\\/sites\\\/889\\\/2023\\\/11\\\/aerial-Keele-Campus-winter-banner-scaled-1.jpg\",\"datePublished\":\"2023-12-01T20:02:00+00:00\",\"dateModified\":\"2025-04-02T16:39:46+00:00\",\"author\":{\"@id\":\"https:\\\/\\\/www.yorku.ca\\\/yfile\\\/#\\\/schema\\\/person\\\/21f3dffe794363be5ece4ec7f538a0c0\"},\"breadcrumb\":{\"@id\":\"https:\\\/\\\/www.yorku.ca\\\/yfile\\\/2023\\\/12\\\/01\\\/holiday-closure-information-for-the-community-3\\\/#breadcrumb\"},\"inLanguage\":\"en-CA\",\"potentialAction\":[{\"@type\":\"ReadAction\",\"target\":[\"https:\\\/\\\/www.yorku.ca\\\/yfile\\\/2023\\\/12\\\/01\\\/holiday-closure-information-for-the-community-3\\\/\"]}]},{\"@type\":\"ImageObject\",\"inLanguage\":\"en-CA\",\"@id\":\"https:\\\/\\\/www.yorku.ca\\\/yfile\\\/2023\\\/12\\\/01\\\/holiday-closure-information-for-the-community-3\\\/#primaryimage\",\"url\":\"https:\\\/\\\/www.yorku.ca\\\/yfile\\\/wp-content\\\/uploads\\\/sites\\\/889\\\/2023\\\/11\\\/aerial-Keele-Campus-winter-banner-scaled-1.jpg\",\"contentUrl\":\"https:\\\/\\\/www.yorku.ca\\\/yfile\\\/wp-content\\\/uploads\\\/sites\\\/889\\\/2023\\\/11\\\/aerial-Keele-Campus-winter-banner-scaled-1.jpg\",\"width\":2560,\"height\":854,\"caption\":\"aerial-Keele-Campus-winter-banner\"},{\"@type\":\"BreadcrumbList\",\"@id\":\"https:\\\/\\\/www.yorku.ca\\\/yfile\\\/2023\\\/12\\\/01\\\/holiday-closure-information-for-the-community-3\\\/#breadcrumb\",\"itemListElement\":[{\"@type\":\"ListItem\",\"position\":1,\"name\":\"Home\",\"item\":\"https:\\\/\\\/www.yorku.ca\\\/yfile\\\/\"},{\"@type\":\"ListItem\",\"position\":2,\"name\":\"Holiday closure information for the community\"}]},{\"@type\":\"WebSite\",\"@id\":\"https:\\\/\\\/www.yorku.ca\\\/yfile\\\/#website\",\"url\":\"https:\\\/\\\/www.yorku.ca\\\/yfile\\\/\",\"name\":\"YFile\",\"description\":\"\",\"potentialAction\":[{\"@type\":\"SearchAction\",\"target\":{\"@type\":\"EntryPoint\",\"urlTemplate\":\"https:\\\/\\\/www.yorku.ca\\\/yfile\\\/?s={search_term_string}\"},\"query-input\":{\"@type\":\"PropertyValueSpecification\",\"valueRequired\":true,\"valueName\":\"search_term_string\"}}],\"inLanguage\":\"en-CA\"},{\"@type\":\"Person\",\"@id\":\"https:\\\/\\\/www.yorku.ca\\\/yfile\\\/#\\\/schema\\\/person\\\/21f3dffe794363be5ece4ec7f538a0c0\",\"name\":\"phalfert\",\"image\":{\"@type\":\"ImageObject\",\"inLanguage\":\"en-CA\",\"@id\":\"https:\\\/\\\/secure.gravatar.com\\\/avatar\\\/9e3ac8a4ede7f72dd695c074c5291e11739705deae1422de177298d5aad6d559?s=96&d=mm&r=g\",\"url\":\"https:\\\/\\\/secure.gravatar.com\\\/avatar\\\/9e3ac8a4ede7f72dd695c074c5291e11739705deae1422de177298d5aad6d559?s=96&d=mm&r=g\",\"contentUrl\":\"https:\\\/\\\/secure.gravatar.com\\\/avatar\\\/9e3ac8a4ede7f72dd695c074c5291e11739705deae1422de177298d5aad6d559?s=96&d=mm&r=g\",\"caption\":\"phalfert\"},\"url\":\"https:\\\/\\\/www.yorku.ca\\\/yfile\\\/author\\\/phalfert\\\/\"}]}<\/script>\n<!-- \/ Yoast SEO plugin. -->","yoast_head_json":{"title":"Holiday closure information for the community - YFile","robots":{"index":"index","follow":"follow","max-snippet":"max-snippet:-1","max-image-preview":"max-image-preview:large","max-video-preview":"max-video-preview:-1"},"canonical":"https:\/\/www.yorku.ca\/yfile\/2023\/12\/01\/holiday-closure-information-for-the-community-3\/","og_locale":"en_US","og_type":"article","og_title":"Holiday closure information for the community - YFile","og_description":"York\u2019s campuses will be closed as of Friday, Dec. 22, 2023, through to Tuesday, Jan. 2, 2024, and will\u00a0reopen on Wednesday, Jan. 3, 2024.\u00a0","og_url":"https:\/\/www.yorku.ca\/yfile\/2023\/12\/01\/holiday-closure-information-for-the-community-3\/","og_site_name":"YFile","article_published_time":"2023-12-01T20:02:00+00:00","article_modified_time":"2025-04-02T16:39:46+00:00","og_image":[{"width":2560,"height":854,"url":"https:\/\/www.yorku.ca\/yfile\/wp-content\/uploads\/sites\/889\/2023\/11\/aerial-Keele-Campus-winter-banner-scaled-1.jpg","type":"image\/jpeg"}],"author":"phalfert","twitter_card":"summary_large_image","twitter_misc":{"Written by":"phalfert","Est. reading time":"3 minutes"},"schema":{"@context":"https:\/\/schema.org","@graph":[{"@type":"Article","@id":"https:\/\/www.yorku.ca\/yfile\/2023\/12\/01\/holiday-closure-information-for-the-community-3\/#article","isPartOf":{"@id":"https:\/\/www.yorku.ca\/yfile\/2023\/12\/01\/holiday-closure-information-for-the-community-3\/"},"author":{"name":"phalfert","@id":"https:\/\/www.yorku.ca\/yfile\/#\/schema\/person\/21f3dffe794363be5ece4ec7f538a0c0"},"headline":"Holiday closure information for the community","datePublished":"2023-12-01T20:02:00+00:00","dateModified":"2025-04-02T16:39:46+00:00","mainEntityOfPage":{"@id":"https:\/\/www.yorku.ca\/yfile\/2023\/12\/01\/holiday-closure-information-for-the-community-3\/"},"wordCount":757,"image":{"@id":"https:\/\/www.yorku.ca\/yfile\/2023\/12\/01\/holiday-closure-information-for-the-community-3\/#primaryimage"},"thumbnailUrl":"https:\/\/www.yorku.ca\/yfile\/wp-content\/uploads\/sites\/889\/2023\/11\/aerial-Keele-Campus-winter-banner-scaled-1.jpg","keywords":["Faculty","Operations","Staff","Students","YFile"],"articleSection":["Latest News"],"inLanguage":"en-CA","copyrightYear":"2023","copyrightHolder":{"@id":"https:\/\/www.yorku.ca\/yfile\/#organization"}},{"@type":"WebPage","@id":"https:\/\/www.yorku.ca\/yfile\/2023\/12\/01\/holiday-closure-information-for-the-community-3\/","url":"https:\/\/www.yorku.ca\/yfile\/2023\/12\/01\/holiday-closure-information-for-the-community-3\/","name":"Holiday closure information for the community - YFile","isPartOf":{"@id":"https:\/\/www.yorku.ca\/yfile\/#website"},"primaryImageOfPage":{"@id":"https:\/\/www.yorku.ca\/yfile\/2023\/12\/01\/holiday-closure-information-for-the-community-3\/#primaryimage"},"image":{"@id":"https:\/\/www.yorku.ca\/yfile\/2023\/12\/01\/holiday-closure-information-for-the-community-3\/#primaryimage"},"thumbnailUrl":"https:\/\/www.yorku.ca\/yfile\/wp-content\/uploads\/sites\/889\/2023\/11\/aerial-Keele-Campus-winter-banner-scaled-1.jpg","datePublished":"2023-12-01T20:02:00+00:00","dateModified":"2025-04-02T16:39:46+00:00","author":{"@id":"https:\/\/www.yorku.ca\/yfile\/#\/schema\/person\/21f3dffe794363be5ece4ec7f538a0c0"},"breadcrumb":{"@id":"https:\/\/www.yorku.ca\/yfile\/2023\/12\/01\/holiday-closure-information-for-the-community-3\/#breadcrumb"},"inLanguage":"en-CA","potentialAction":[{"@type":"ReadAction","target":["https:\/\/www.yorku.ca\/yfile\/2023\/12\/01\/holiday-closure-information-for-the-community-3\/"]}]},{"@type":"ImageObject","inLanguage":"en-CA","@id":"https:\/\/www.yorku.ca\/yfile\/2023\/12\/01\/holiday-closure-information-for-the-community-3\/#primaryimage","url":"https:\/\/www.yorku.ca\/yfile\/wp-content\/uploads\/sites\/889\/2023\/11\/aerial-Keele-Campus-winter-banner-scaled-1.jpg","contentUrl":"https:\/\/www.yorku.ca\/yfile\/wp-content\/uploads\/sites\/889\/2023\/11\/aerial-Keele-Campus-winter-banner-scaled-1.jpg","width":2560,"height":854,"caption":"aerial-Keele-Campus-winter-banner"},{"@type":"BreadcrumbList","@id":"https:\/\/www.yorku.ca\/yfile\/2023\/12\/01\/holiday-closure-information-for-the-community-3\/#breadcrumb","itemListElement":[{"@type":"ListItem","position":1,"name":"Home","item":"https:\/\/www.yorku.ca\/yfile\/"},{"@type":"ListItem","position":2,"name":"Holiday closure information for the community"}]},{"@type":"WebSite","@id":"https:\/\/www.yorku.ca\/yfile\/#website","url":"https:\/\/www.yorku.ca\/yfile\/","name":"YFile","description":"","potentialAction":[{"@type":"SearchAction","target":{"@type":"EntryPoint","urlTemplate":"https:\/\/www.yorku.ca\/yfile\/?s={search_term_string}"},"query-input":{"@type":"PropertyValueSpecification","valueRequired":true,"valueName":"search_term_string"}}],"inLanguage":"en-CA"},{"@type":"Person","@id":"https:\/\/www.yorku.ca\/yfile\/#\/schema\/person\/21f3dffe794363be5ece4ec7f538a0c0","name":"phalfert","image":{"@type":"ImageObject","inLanguage":"en-CA","@id":"https:\/\/secure.gravatar.com\/avatar\/9e3ac8a4ede7f72dd695c074c5291e11739705deae1422de177298d5aad6d559?s=96&d=mm&r=g","url":"https:\/\/secure.gravatar.com\/avatar\/9e3ac8a4ede7f72dd695c074c5291e11739705deae1422de177298d5aad6d559?s=96&d=mm&r=g","contentUrl":"https:\/\/secure.gravatar.com\/avatar\/9e3ac8a4ede7f72dd695c074c5291e11739705deae1422de177298d5aad6d559?s=96&d=mm&r=g","caption":"phalfert"},"url":"https:\/\/www.yorku.ca\/yfile\/author\/phalfert\/"}]}},"taxonomy_info":{"category":[{"value":11,"label":"Latest News"}],"post_tag":[{"value":6,"label":"Faculty"},{"value":79,"label":"Operations"},{"value":27,"label":"Staff"},{"value":12,"label":"Students"},{"value":4,"label":"YFile"}],"tags-to-show":[{"value":147,"label":"Faculty"},{"value":195,"label":"Operations"},{"value":148,"label":"Staff"},{"value":146,"label":"Students"}]},"featured_image_src_large":["https:\/\/www.yorku.ca\/yfile\/wp-content\/uploads\/sites\/889\/2023\/11\/aerial-Keele-Campus-winter-banner-scaled-1-1024x342.jpg",1024,342,true],"author_info":{"display_name":"phalfert","author_link":"https:\/\/www.yorku.ca\/yfile\/author\/phalfert\/"},"comment_info":0,"category_info":[{"term_id":11,"name":"Latest News","slug":"latest-news","term_group":0,"term_taxonomy_id":11,"taxonomy":"category","description":"","parent":0,"count":12677,"filter":"raw","cat_ID":11,"category_count":12677,"category_description":"","cat_name":"Latest News","category_nicename":"latest-news","category_parent":0}],"tag_info":[{"term_id":6,"name":"Faculty","slug":"faculty","term_group":0,"term_taxonomy_id":6,"taxonomy":"post_tag","description":"","parent":0,"count":2009,"filter":"raw"},{"term_id":79,"name":"Operations","slug":"operations","term_group":0,"term_taxonomy_id":79,"taxonomy":"post_tag","description":"","parent":0,"count":94,"filter":"raw"},{"term_id":27,"name":"Staff","slug":"staff","term_group":0,"term_taxonomy_id":27,"taxonomy":"post_tag","description":"","parent":0,"count":597,"filter":"raw"},{"term_id":12,"name":"Students","slug":"students","term_group":0,"term_taxonomy_id":12,"taxonomy":"post_tag","description":"","parent":0,"count":1639,"filter":"raw"},{"term_id":4,"name":"YFile","slug":"yfile","term_group":0,"term_taxonomy_id":4,"taxonomy":"post_tag","description":"","parent":0,"count":5305,"filter":"raw"}],"_links":{"self":[{"href":"https:\/\/www.yorku.ca\/yfile\/wp-json\/wp\/v2\/posts\/346339","targetHints":{"allow":["GET"]}}],"collection":[{"href":"https:\/\/www.yorku.ca\/yfile\/wp-json\/wp\/v2\/posts"}],"about":[{"href":"https:\/\/www.yorku.ca\/yfile\/wp-json\/wp\/v2\/types\/post"}],"author":[{"embeddable":true,"href":"https:\/\/www.yorku.ca\/yfile\/wp-json\/wp\/v2\/users\/5"}],"replies":[{"embeddable":true,"href":"https:\/\/www.yorku.ca\/yfile\/wp-json\/wp\/v2\/comments?post=346339"}],"version-history":[{"count":1,"href":"https:\/\/www.yorku.ca\/yfile\/wp-json\/wp\/v2\/posts\/346339\/revisions"}],"predecessor-version":[{"id":393534,"href":"https:\/\/www.yorku.ca\/yfile\/wp-json\/wp\/v2\/posts\/346339\/revisions\/393534"}],"wp:featuredmedia":[{"embeddable":true,"href":"https:\/\/www.yorku.ca\/yfile\/wp-json\/wp\/v2\/media\/346340"}],"wp:attachment":[{"href":"https:\/\/www.yorku.ca\/yfile\/wp-json\/wp\/v2\/media?parent=346339"}],"wp:term":[{"taxonomy":"category","embeddable":true,"href":"https:\/\/www.yorku.ca\/yfile\/wp-json\/wp\/v2\/categories?post=346339"},{"taxonomy":"post_tag","embeddable":true,"href":"https:\/\/www.yorku.ca\/yfile\/wp-json\/wp\/v2\/tags?post=346339"},{"taxonomy":"yfileauthor","embeddable":true,"href":"https:\/\/www.yorku.ca\/yfile\/wp-json\/wp\/v2\/yfileauthor?post=346339"},{"taxonomy":"qualifier","embeddable":true,"href":"https:\/\/www.yorku.ca\/yfile\/wp-json\/wp\/v2\/qualifier?post=346339"},{"taxonomy":"yfile-author","embeddable":true,"href":"https:\/\/www.yorku.ca\/yfile\/wp-json\/wp\/v2\/yfile-author?post=346339"},{"taxonomy":"tags-to-show","embeddable":true,"href":"https:\/\/www.yorku.ca\/yfile\/wp-json\/wp\/v2\/tags-to-show?post=346339"},{"taxonomy":"workflow","embeddable":true,"href":"https:\/\/www.yorku.ca\/yfile\/wp-json\/wp\/v2\/workflow?post=346339"}],"curies":[{"name":"wp","href":"https:\/\/api.w.org\/{rel}","templated":true}]}}