  {"id":331565,"date":"2023-09-05T14:33:58","date_gmt":"2023-09-05T19:33:58","guid":{"rendered":"https:\/\/yfile.news.yorku.ca\/?p=331565"},"modified":"2025-04-02T12:28:27","modified_gmt":"2025-04-02T16:28:27","slug":"desjardins-group-funding-helps-expand-entrepreneurial-programs-at-york","status":"publish","type":"post","link":"https:\/\/www.yorku.ca\/yfile\/2023\/09\/05\/desjardins-group-funding-helps-expand-entrepreneurial-programs-at-york\/","title":{"rendered":"Desjardins Group funding helps expand entrepreneurial programs at York"},"content":{"rendered":"\n\n\n\n\n<h3 class=\"wp-block-heading\">A new gift from Desjardins to 快播视频\u2019s Innovation York will expand two critical accelerator programs that provide training and support in entrepreneurship and help promote innovation.<\/h3>\n\n\n\n<p>The funding will continue both Desjardins and York\u2019s commitment to fostering positive change for diverse local communities and uniquely global perspectives.<\/p>\n\n\n\n<p>The gift supports two initiatives at York, with an infusion over five years to GENIAL (<em>Glendon Entrepreneuriat et Innovation A L\u2019International<\/em>) and over two years to ELLA (Entrepreneurial Leadership &amp; Learning Alliance).<\/p>\n\n\n\n<p>\u201cWe are thrilled to partner with Desjardins to create greater access and opportunities for women-led businesses,\u201d says<strong> Jennifer MacLean<\/strong>, assistant vice-president, innovation and research partnerships at 快播视频. \u201cThis partnership will enable 快播视频\u2019s YSpace to expand our impact in the community and continue to foster the skills and talents of young entrepreneurs.\u201d&nbsp;<\/p>\n\n\n\n<p>GENIAL is a bilingual initiative that offers training, extracurricular activities, and a research program in entrepreneurship and innovation.&nbsp;Desjardins\u2019 gift will allow GENIAL to scale up its bilingual&nbsp;Entrepreneurial Skills Passport&nbsp;(ESP) program that is currently offered to Glendon students. Through the ESP program, GENIAL has trained a diverse population of students from liberal arts and business backgrounds, including domestic and international students enrolled in business, economics, communications, translation, international studies, sociology and psychology.&nbsp;GENIAL was launched in 2017 by <strong>Angelo Dossou-Yovo<\/strong>, associate professor of management and entrepreneurship.<\/p>\n\n\n\n<p>Desjardins also supported York\u2019s&nbsp;first accelerator focused on supporting women-led product- and service-based businesses.&nbsp;The donation to&nbsp;ELLA \u2013 a program created by women, for women \u2013 will&nbsp;support the program for the next two years. The funding will help with the sustainability of ELLA\u2019s accelerator programming that&nbsp;provides&nbsp;women entrepreneurs with access to the community, knowledge and resources they need to scale their business.&nbsp;<\/p>\n\n\n\n<p>\u201cWith Desjardins' support, YSpace\u2019s ELLA program will be able to help more women entrepreneurs, particularly those in consumer packaged goods and professional services, take their businesses to greater heights and scale up into national and international markets,\u201d said <strong>David Kwok<\/strong>, associate director, entrepreneurship. \u201cThis gift recognizes the value in supporting women-led product- and service-based businesses, providing them with resources as robust as those currently found in the tech sector.\u201d&nbsp;<\/p>\n\n\n\n<p>To recognize their contribution and commitment, Desjardins is invited to take part in ELLA\u2019s national advisory committee and act as subject-matter experts to help shape the program\u2019s future.&nbsp;<\/p>\n\n\n\n<p>\u201cEntrepreneurs play an important role in our society. They are creating innovative solutions to the needs of Canadians and the challenges they face,\u201d said Guy Cormier, president and CEO of Desjardins Group.&nbsp;\u201cWe are proud to support 快播视频 and their young entrepreneurs. They will help shape the world of tomorrow and we\u2019re incredibly happy to be part of something that will give them the resources and tools they need to pursue their goals in life.\u201d<\/p>\n\n\n\n<p>Students and other members of the York community are invited to attend a public talk by Cormier on <strong>Sept. 12 at the Schulich Executive Learning Centre on York\u2019s Keele Campus<\/strong>. Hear Cormier's professional journey, starting as a cashier, and how he worked his way up through Desjardins to become the youngest president in the history of the organization. He will also talk openly about the challenges he\u2019s faced in his career and his vision of modern leadership, and answer audience questions.<\/p>\n\n\n\n<p>Click here to register for the event on Sept. 12: <a href=\"http:\/\/go.yorku.ca\/desjardins-visit2023\" target=\"_blank\" rel=\"noreferrer noopener\"><strong>go.yorku.ca\/desjardins-visit2023<\/strong><\/a>.<\/p>\n\n\n\n<hr class=\"wp-block-separator has-alpha-channel-opacity is-style-wide\"\/>\n\n\n\n<h3 class=\"wp-block-heading\">Le financement du Mouvement Desjardins permet d\u2019\u00e9largir les programmes d\u2019entrepreneuriat \u00e0 York&nbsp; <\/h3>\n\n\n\n<p>Un nouveau don de Desjardins \u00e0 l\u2019Universit\u00e9 York permettra d\u2019\u00e9largir deux programmes acc\u00e9l\u00e9rateurs cruciaux qui offrent une formation et un soutien \u00e0 l\u2019entrepreneuriat et qui contribuent \u00e0 promouvoir l\u2019innovation.&nbsp;<\/p>\n\n\n\n<p>Le financement permettra \u00e0 Desjardins et \u00e0 York de poursuivre leur engagement envers la cr\u00e9ation de changements positifs pour les communaut\u00e9s locales diversifi\u00e9es et d\u2019offrir des perspectives mondiales uniques.<\/p>\n\n\n\n<p>Le don appuie deux initiatives \u00e0 York&nbsp;avec un apport sur cinq ans pour GENIAL (Glendon ENtrepreneuriat et Innovation \u00c0 L\u2019international) et un autre sur deux ans pour ELLA (Entrepreneurial Leadership &amp; Learning Alliance).<\/p>\n\n\n\n<p>\u00ab&nbsp;Nous sommes ravis de nous associer \u00e0 Desjardins pour am\u00e9liorer l\u2019acc\u00e8s et les possibilit\u00e9s d\u2019entreprises dirig\u00e9es par des femmes, d\u00e9clare<strong> Jennifer MacLean<\/strong>, vice-pr\u00e9sidente adjointe des partenariats en mati\u00e8re d\u2019innovation et de recherche \u00e0 l\u2019Universit\u00e9 York. Ce partenariat permettra au YSpace de l\u2019Universit\u00e9 York d\u2019accro\u00eetre son effet sur la communaut\u00e9 et de continuer \u00e0 encourager les comp\u00e9tences et les talents des jeunes entrepreneurs et entrepreneuses.&nbsp;\u00bb&nbsp;<\/p>\n\n\n\n<p>GENIAL est une initiative bilingue qui propose des formations, des activit\u00e9s extrascolaires et un programme de recherche sur l\u2019entrepreneuriat et l\u2019innovation.&nbsp;Le don de Desjardins permettra \u00e0 GENIAL d\u2019amplifier le programme de formation bilingue Passeport Comp\u00e9tences Entrepreneuriales (PCE) actuellement propos\u00e9 \u00e0 la population \u00e9tudiante de Glendon. Gr\u00e2ce au programme PCE, GENIAL a form\u00e9 une population \u00e9tudiante diversifi\u00e9e issue des arts lib\u00e9raux et du monde des affaires, notamment des \u00e9tudiantes et \u00e9tudiants nationaux et internationaux inscrits \u00e0 des programmes de commerce, \u00e9conomie, communication, traduction, \u00e9tudes internationales, sociologie et psychologie.&nbsp;<\/p>\n\n\n\n<p>GENIAL a \u00e9t\u00e9 lanc\u00e9 en 2017 par <strong>Angelo Dossou-Yovo<\/strong>, professeur agr\u00e9g\u00e9 de gestion et d\u2019entrepreneuriat.<\/p>\n\n\n\n<p>Desjardins soutient \u00e9galement le premier acc\u00e9l\u00e9rateur de York ax\u00e9 sur le soutien aux entreprises de produits et de services dirig\u00e9es par des femmes.&nbsp;Le don fait \u00e0 ELLA \u2014 un programme cr\u00e9\u00e9 par des femmes, pour des femmes \u2014 financera le programme pendant les deux prochaines ann\u00e9es. Ce financement contribuera \u00e0 la durabilit\u00e9 du programme d\u2019acc\u00e9l\u00e9ration d\u2019ELLA, qui permet aux entrepreneuses d\u2019acc\u00e9der \u00e0 la communaut\u00e9, aux connaissances et aux ressources n\u00e9cessaires pour d\u00e9velopper leur entreprise.&nbsp;<\/p>\n\n\n\n<p>\u00ab&nbsp;Gr\u00e2ce au soutien de Desjardins, le programme ELLA de YSpace sera en mesure d\u2019aider davantage d\u2019entrepreneuses, notamment dans les secteurs des biens de consommation et des services professionnels, \u00e0 faire progresser leur entreprise et \u00e0 s\u2019implanter sur les march\u00e9s nationaux et internationaux, a d\u00e9clar\u00e9 <strong>David Kwok<\/strong>, directeur associ\u00e9, Entrepreneuriat. Ce don reconna\u00eet la valeur du soutien apport\u00e9 aux entreprises de produits et de services dirig\u00e9es par des femmes, en leur fournissant des ressources aussi solides que celles que l\u2019on trouve actuellement dans le secteur de la technologie.&nbsp;\u00bb&nbsp;<\/p>\n\n\n\n<p>Pour reconna\u00eetre leur contribution et leur engagement, les Caisses Desjardins sont invit\u00e9es \u00e0 participer au comit\u00e9 consultatif d\u2019ELLA et \u00e0 agir en tant qu\u2019expertes en la mati\u00e8re pour fa\u00e7onner l\u2019avenir du programme.&nbsp;<\/p>\n\n\n\n<p>\u00ab&nbsp;Les chefs d\u2019entreprise jouent un r\u00f4le important dans notre soci\u00e9t\u00e9 en cr\u00e9ant des solutions novatrices pour r\u00e9pondre aux besoins de la population canadienne et aux d\u00e9fis auxquels elle est confront\u00e9e, a d\u00e9clar\u00e9 Guy Cormier, pr\u00e9sident et chef de la direction du Mouvement Desjardins. Nous sommes fiers de soutenir l\u2019Universit\u00e9 York et ses jeunes chefs d\u2019entreprise qui contribueront \u00e0 fa\u00e7onner le monde de demain. Nous nous r\u00e9jouissons de participer \u00e0 un projet qui leur donnera les ressources et les outils n\u00e9cessaires pour poursuivre leurs objectifs de vie.&nbsp;\u00bb<\/p>\n\n\n\n<p>La population \u00e9tudiante et les autres membres de la communaut\u00e9 de York sont invit\u00e9s \u00e0 assister \u00e0 une conf\u00e9rence publique de M.&nbsp;Cormier<strong> le 12&nbsp;septembre de 16&nbsp;h \u00e0 18&nbsp;h au Schulich Executive Learning Centre sur le campus Keele de York<\/strong>. D\u00e9couvrez le parcours professionnel de M.&nbsp;Cormier, qui a commenc\u00e9 comme caissier et a gravi les \u00e9chelons au sein de Desjardins pour devenir le plus jeune pr\u00e9sident de l\u2019histoire de l\u2019organisation. Il parlera ouvertement des d\u00e9fis auxquels il a \u00e9t\u00e9 confront\u00e9 au cours de sa carri\u00e8re ainsi que de sa vision du leadership moderne et r\u00e9pondra aux questions du public.<\/p>\n\n\n\n<p>Cliquez ici pour vous inscrire \u00e0 l\u2019\u00e9v\u00e9nement du 12&nbsp;septembre&nbsp;: <a href=\"http:\/\/go.yorku.ca\/desjardins-visit2023\" target=\"_blank\" rel=\"noreferrer noopener\"><strong>go.yorku.ca\/desjardins-visite2023<\/strong><\/a>.<\/p>\n","protected":false},"excerpt":{"rendered":"<p>A new gift from Desjardins to 快播视频\u2019s Innovation York will expand two critical accelerator programs that provide training and support in entrepreneurship and help promote innovation.\u00a0<\/p>\n","protected":false},"author":5,"featured_media":337227,"comment_status":"closed","ping_status":"closed","sticky":false,"template":"","format":"standard","meta":{"_acf_changed":false,"_kad_blocks_custom_css":"","_kad_blocks_head_custom_js":"","_kad_blocks_body_custom_js":"","_kad_blocks_footer_custom_js":"","footnotes":""},"categories":[25,13],"tags":[78,29,33,80,55,35,47,16,17,50,15,14,4],"yfileauthor":[],"qualifier":[],"yfile-author":[],"tags-to-show":[151,145,177,171,176,153,158,169],"workflow":[],"class_list":["post-331565","post","type-post","status-publish","format-standard","has-post-thumbnail","hentry","category-editors-picks","category-teaching-learning","tag-advancement","tag-community","tag-equity","tag-glendon","tag-innovation","tag-partnerships","tag-sdg-10","tag-sdg-17","tag-sdg-4","tag-sdg-5","tag-sdg","tag-teaching-and-learning","tag-yfile","tags-to-show-advancement","tags-to-show-community","tags-to-show-equity-diversity-inclusion-edi","tags-to-show-glendon","tags-to-show-innovation","tags-to-show-partnerships","tags-to-show-sdg","tags-to-show-teaching-and-learning"],"acf":{"internal_publish_date":null,"original_image":null},"yoast_head":"<!-- This site is optimized with the Yoast SEO plugin v27.4 - https:\/\/yoast.com\/product\/yoast-seo-wordpress\/ -->\n<title>Desjardins Group funding helps expand entrepreneurial programs at York - YFile<\/title>\n<meta name=\"robots\" content=\"index, follow, max-snippet:-1, max-image-preview:large, max-video-preview:-1\" \/>\n<link rel=\"canonical\" href=\"https:\/\/www.yorku.ca\/yfile\/2023\/09\/05\/desjardins-group-funding-helps-expand-entrepreneurial-programs-at-york\/\" \/>\n<meta property=\"og:locale\" content=\"en_US\" \/>\n<meta property=\"og:type\" content=\"article\" \/>\n<meta property=\"og:title\" content=\"Desjardins Group funding helps expand entrepreneurial programs at York - YFile\" \/>\n<meta property=\"og:description\" content=\"A new gift from Desjardins to 快播视频\u2019s Innovation York will expand two critical accelerator programs that provide training and support in entrepreneurship and help promote innovation.\u00a0\" \/>\n<meta property=\"og:url\" content=\"https:\/\/www.yorku.ca\/yfile\/2023\/09\/05\/desjardins-group-funding-helps-expand-entrepreneurial-programs-at-york\/\" \/>\n<meta property=\"og:site_name\" content=\"YFile\" \/>\n<meta property=\"article:published_time\" content=\"2023-09-05T19:33:58+00:00\" \/>\n<meta property=\"article:modified_time\" content=\"2025-04-02T16:28:27+00:00\" \/>\n<meta property=\"og:image\" content=\"https:\/\/www.yorku.ca\/yfile\/wp-content\/uploads\/sites\/889\/2023\/07\/crop_startup_multi_ethnic_shutterstock_2101929538.jpg\" \/>\n\t<meta property=\"og:image:width\" content=\"2100\" \/>\n\t<meta property=\"og:image:height\" content=\"700\" \/>\n\t<meta property=\"og:image:type\" content=\"image\/jpeg\" \/>\n<meta name=\"author\" content=\"phalfert\" \/>\n<meta name=\"twitter:card\" content=\"summary_large_image\" \/>\n<meta name=\"twitter:label1\" content=\"Written by\" \/>\n\t<meta name=\"twitter:data1\" content=\"phalfert\" \/>\n\t<meta name=\"twitter:label2\" content=\"Est. reading time\" \/>\n\t<meta name=\"twitter:data2\" content=\"6 minutes\" \/>\n<script type=\"application\/ld+json\" class=\"yoast-schema-graph\">{\"@context\":\"https:\\\/\\\/schema.org\",\"@graph\":[{\"@type\":\"Article\",\"@id\":\"https:\\\/\\\/www.yorku.ca\\\/yfile\\\/2023\\\/09\\\/05\\\/desjardins-group-funding-helps-expand-entrepreneurial-programs-at-york\\\/#article\",\"isPartOf\":{\"@id\":\"https:\\\/\\\/www.yorku.ca\\\/yfile\\\/2023\\\/09\\\/05\\\/desjardins-group-funding-helps-expand-entrepreneurial-programs-at-york\\\/\"},\"author\":{\"name\":\"phalfert\",\"@id\":\"https:\\\/\\\/www.yorku.ca\\\/yfile\\\/#\\\/schema\\\/person\\\/21f3dffe794363be5ece4ec7f538a0c0\"},\"headline\":\"Desjardins Group funding helps expand entrepreneurial programs at York\",\"datePublished\":\"2023-09-05T19:33:58+00:00\",\"dateModified\":\"2025-04-02T16:28:27+00:00\",\"mainEntityOfPage\":{\"@id\":\"https:\\\/\\\/www.yorku.ca\\\/yfile\\\/2023\\\/09\\\/05\\\/desjardins-group-funding-helps-expand-entrepreneurial-programs-at-york\\\/\"},\"wordCount\":1334,\"image\":{\"@id\":\"https:\\\/\\\/www.yorku.ca\\\/yfile\\\/2023\\\/09\\\/05\\\/desjardins-group-funding-helps-expand-entrepreneurial-programs-at-york\\\/#primaryimage\"},\"thumbnailUrl\":\"https:\\\/\\\/www.yorku.ca\\\/yfile\\\/wp-content\\\/uploads\\\/sites\\\/889\\\/2023\\\/07\\\/crop_startup_multi_ethnic_shutterstock_2101929538.jpg\",\"keywords\":[\"Advancement\",\"Community\",\"Equity Diversity Inclusion (EDI)\",\"Glendon\",\"Innovation\",\"Partnerships\",\"SDG 10\",\"SDG 17\",\"SDG 4\",\"SDG 5\",\"SDGs\",\"Teaching and Learning\",\"YFile\"],\"articleSection\":[\"Editor's Picks\",\"Teaching &amp; Learning\"],\"inLanguage\":\"en-CA\",\"copyrightYear\":\"2023\",\"copyrightHolder\":{\"@id\":\"https:\\\/\\\/www.yorku.ca\\\/yfile\\\/#organization\"}},{\"@type\":\"WebPage\",\"@id\":\"https:\\\/\\\/www.yorku.ca\\\/yfile\\\/2023\\\/09\\\/05\\\/desjardins-group-funding-helps-expand-entrepreneurial-programs-at-york\\\/\",\"url\":\"https:\\\/\\\/www.yorku.ca\\\/yfile\\\/2023\\\/09\\\/05\\\/desjardins-group-funding-helps-expand-entrepreneurial-programs-at-york\\\/\",\"name\":\"Desjardins Group funding helps expand entrepreneurial programs at York - YFile\",\"isPartOf\":{\"@id\":\"https:\\\/\\\/www.yorku.ca\\\/yfile\\\/#website\"},\"primaryImageOfPage\":{\"@id\":\"https:\\\/\\\/www.yorku.ca\\\/yfile\\\/2023\\\/09\\\/05\\\/desjardins-group-funding-helps-expand-entrepreneurial-programs-at-york\\\/#primaryimage\"},\"image\":{\"@id\":\"https:\\\/\\\/www.yorku.ca\\\/yfile\\\/2023\\\/09\\\/05\\\/desjardins-group-funding-helps-expand-entrepreneurial-programs-at-york\\\/#primaryimage\"},\"thumbnailUrl\":\"https:\\\/\\\/www.yorku.ca\\\/yfile\\\/wp-content\\\/uploads\\\/sites\\\/889\\\/2023\\\/07\\\/crop_startup_multi_ethnic_shutterstock_2101929538.jpg\",\"datePublished\":\"2023-09-05T19:33:58+00:00\",\"dateModified\":\"2025-04-02T16:28:27+00:00\",\"author\":{\"@id\":\"https:\\\/\\\/www.yorku.ca\\\/yfile\\\/#\\\/schema\\\/person\\\/21f3dffe794363be5ece4ec7f538a0c0\"},\"breadcrumb\":{\"@id\":\"https:\\\/\\\/www.yorku.ca\\\/yfile\\\/2023\\\/09\\\/05\\\/desjardins-group-funding-helps-expand-entrepreneurial-programs-at-york\\\/#breadcrumb\"},\"inLanguage\":\"en-CA\",\"potentialAction\":[{\"@type\":\"ReadAction\",\"target\":[\"https:\\\/\\\/www.yorku.ca\\\/yfile\\\/2023\\\/09\\\/05\\\/desjardins-group-funding-helps-expand-entrepreneurial-programs-at-york\\\/\"]}]},{\"@type\":\"ImageObject\",\"inLanguage\":\"en-CA\",\"@id\":\"https:\\\/\\\/www.yorku.ca\\\/yfile\\\/2023\\\/09\\\/05\\\/desjardins-group-funding-helps-expand-entrepreneurial-programs-at-york\\\/#primaryimage\",\"url\":\"https:\\\/\\\/www.yorku.ca\\\/yfile\\\/wp-content\\\/uploads\\\/sites\\\/889\\\/2023\\\/07\\\/crop_startup_multi_ethnic_shutterstock_2101929538.jpg\",\"contentUrl\":\"https:\\\/\\\/www.yorku.ca\\\/yfile\\\/wp-content\\\/uploads\\\/sites\\\/889\\\/2023\\\/07\\\/crop_startup_multi_ethnic_shutterstock_2101929538.jpg\",\"width\":2100,\"height\":700,\"caption\":\"diverse group of workers collaborating in meeting room\"},{\"@type\":\"BreadcrumbList\",\"@id\":\"https:\\\/\\\/www.yorku.ca\\\/yfile\\\/2023\\\/09\\\/05\\\/desjardins-group-funding-helps-expand-entrepreneurial-programs-at-york\\\/#breadcrumb\",\"itemListElement\":[{\"@type\":\"ListItem\",\"position\":1,\"name\":\"Home\",\"item\":\"https:\\\/\\\/www.yorku.ca\\\/yfile\\\/\"},{\"@type\":\"ListItem\",\"position\":2,\"name\":\"Desjardins Group funding helps expand entrepreneurial programs at York\"}]},{\"@type\":\"WebSite\",\"@id\":\"https:\\\/\\\/www.yorku.ca\\\/yfile\\\/#website\",\"url\":\"https:\\\/\\\/www.yorku.ca\\\/yfile\\\/\",\"name\":\"YFile\",\"description\":\"\",\"potentialAction\":[{\"@type\":\"SearchAction\",\"target\":{\"@type\":\"EntryPoint\",\"urlTemplate\":\"https:\\\/\\\/www.yorku.ca\\\/yfile\\\/?s={search_term_string}\"},\"query-input\":{\"@type\":\"PropertyValueSpecification\",\"valueRequired\":true,\"valueName\":\"search_term_string\"}}],\"inLanguage\":\"en-CA\"},{\"@type\":\"Person\",\"@id\":\"https:\\\/\\\/www.yorku.ca\\\/yfile\\\/#\\\/schema\\\/person\\\/21f3dffe794363be5ece4ec7f538a0c0\",\"name\":\"phalfert\",\"image\":{\"@type\":\"ImageObject\",\"inLanguage\":\"en-CA\",\"@id\":\"https:\\\/\\\/secure.gravatar.com\\\/avatar\\\/9e3ac8a4ede7f72dd695c074c5291e11739705deae1422de177298d5aad6d559?s=96&d=mm&r=g\",\"url\":\"https:\\\/\\\/secure.gravatar.com\\\/avatar\\\/9e3ac8a4ede7f72dd695c074c5291e11739705deae1422de177298d5aad6d559?s=96&d=mm&r=g\",\"contentUrl\":\"https:\\\/\\\/secure.gravatar.com\\\/avatar\\\/9e3ac8a4ede7f72dd695c074c5291e11739705deae1422de177298d5aad6d559?s=96&d=mm&r=g\",\"caption\":\"phalfert\"},\"url\":\"https:\\\/\\\/www.yorku.ca\\\/yfile\\\/author\\\/phalfert\\\/\"}]}<\/script>\n<!-- \/ Yoast SEO plugin. -->","yoast_head_json":{"title":"Desjardins Group funding helps expand entrepreneurial programs at York - YFile","robots":{"index":"index","follow":"follow","max-snippet":"max-snippet:-1","max-image-preview":"max-image-preview:large","max-video-preview":"max-video-preview:-1"},"canonical":"https:\/\/www.yorku.ca\/yfile\/2023\/09\/05\/desjardins-group-funding-helps-expand-entrepreneurial-programs-at-york\/","og_locale":"en_US","og_type":"article","og_title":"Desjardins Group funding helps expand entrepreneurial programs at York - YFile","og_description":"A new gift from Desjardins to 快播视频\u2019s Innovation York will expand two critical accelerator programs that provide training and support in entrepreneurship and help promote innovation.\u00a0","og_url":"https:\/\/www.yorku.ca\/yfile\/2023\/09\/05\/desjardins-group-funding-helps-expand-entrepreneurial-programs-at-york\/","og_site_name":"YFile","article_published_time":"2023-09-05T19:33:58+00:00","article_modified_time":"2025-04-02T16:28:27+00:00","og_image":[{"width":2100,"height":700,"url":"https:\/\/www.yorku.ca\/yfile\/wp-content\/uploads\/sites\/889\/2023\/07\/crop_startup_multi_ethnic_shutterstock_2101929538.jpg","type":"image\/jpeg"}],"author":"phalfert","twitter_card":"summary_large_image","twitter_misc":{"Written by":"phalfert","Est. reading time":"6 minutes"},"schema":{"@context":"https:\/\/schema.org","@graph":[{"@type":"Article","@id":"https:\/\/www.yorku.ca\/yfile\/2023\/09\/05\/desjardins-group-funding-helps-expand-entrepreneurial-programs-at-york\/#article","isPartOf":{"@id":"https:\/\/www.yorku.ca\/yfile\/2023\/09\/05\/desjardins-group-funding-helps-expand-entrepreneurial-programs-at-york\/"},"author":{"name":"phalfert","@id":"https:\/\/www.yorku.ca\/yfile\/#\/schema\/person\/21f3dffe794363be5ece4ec7f538a0c0"},"headline":"Desjardins Group funding helps expand entrepreneurial programs at York","datePublished":"2023-09-05T19:33:58+00:00","dateModified":"2025-04-02T16:28:27+00:00","mainEntityOfPage":{"@id":"https:\/\/www.yorku.ca\/yfile\/2023\/09\/05\/desjardins-group-funding-helps-expand-entrepreneurial-programs-at-york\/"},"wordCount":1334,"image":{"@id":"https:\/\/www.yorku.ca\/yfile\/2023\/09\/05\/desjardins-group-funding-helps-expand-entrepreneurial-programs-at-york\/#primaryimage"},"thumbnailUrl":"https:\/\/www.yorku.ca\/yfile\/wp-content\/uploads\/sites\/889\/2023\/07\/crop_startup_multi_ethnic_shutterstock_2101929538.jpg","keywords":["Advancement","Community","Equity Diversity Inclusion (EDI)","Glendon","Innovation","Partnerships","SDG 10","SDG 17","SDG 4","SDG 5","SDGs","Teaching and Learning","YFile"],"articleSection":["Editor's Picks","Teaching &amp; Learning"],"inLanguage":"en-CA","copyrightYear":"2023","copyrightHolder":{"@id":"https:\/\/www.yorku.ca\/yfile\/#organization"}},{"@type":"WebPage","@id":"https:\/\/www.yorku.ca\/yfile\/2023\/09\/05\/desjardins-group-funding-helps-expand-entrepreneurial-programs-at-york\/","url":"https:\/\/www.yorku.ca\/yfile\/2023\/09\/05\/desjardins-group-funding-helps-expand-entrepreneurial-programs-at-york\/","name":"Desjardins Group funding helps expand entrepreneurial programs at York - YFile","isPartOf":{"@id":"https:\/\/www.yorku.ca\/yfile\/#website"},"primaryImageOfPage":{"@id":"https:\/\/www.yorku.ca\/yfile\/2023\/09\/05\/desjardins-group-funding-helps-expand-entrepreneurial-programs-at-york\/#primaryimage"},"image":{"@id":"https:\/\/www.yorku.ca\/yfile\/2023\/09\/05\/desjardins-group-funding-helps-expand-entrepreneurial-programs-at-york\/#primaryimage"},"thumbnailUrl":"https:\/\/www.yorku.ca\/yfile\/wp-content\/uploads\/sites\/889\/2023\/07\/crop_startup_multi_ethnic_shutterstock_2101929538.jpg","datePublished":"2023-09-05T19:33:58+00:00","dateModified":"2025-04-02T16:28:27+00:00","author":{"@id":"https:\/\/www.yorku.ca\/yfile\/#\/schema\/person\/21f3dffe794363be5ece4ec7f538a0c0"},"breadcrumb":{"@id":"https:\/\/www.yorku.ca\/yfile\/2023\/09\/05\/desjardins-group-funding-helps-expand-entrepreneurial-programs-at-york\/#breadcrumb"},"inLanguage":"en-CA","potentialAction":[{"@type":"ReadAction","target":["https:\/\/www.yorku.ca\/yfile\/2023\/09\/05\/desjardins-group-funding-helps-expand-entrepreneurial-programs-at-york\/"]}]},{"@type":"ImageObject","inLanguage":"en-CA","@id":"https:\/\/www.yorku.ca\/yfile\/2023\/09\/05\/desjardins-group-funding-helps-expand-entrepreneurial-programs-at-york\/#primaryimage","url":"https:\/\/www.yorku.ca\/yfile\/wp-content\/uploads\/sites\/889\/2023\/07\/crop_startup_multi_ethnic_shutterstock_2101929538.jpg","contentUrl":"https:\/\/www.yorku.ca\/yfile\/wp-content\/uploads\/sites\/889\/2023\/07\/crop_startup_multi_ethnic_shutterstock_2101929538.jpg","width":2100,"height":700,"caption":"diverse group of workers collaborating in meeting room"},{"@type":"BreadcrumbList","@id":"https:\/\/www.yorku.ca\/yfile\/2023\/09\/05\/desjardins-group-funding-helps-expand-entrepreneurial-programs-at-york\/#breadcrumb","itemListElement":[{"@type":"ListItem","position":1,"name":"Home","item":"https:\/\/www.yorku.ca\/yfile\/"},{"@type":"ListItem","position":2,"name":"Desjardins Group funding helps expand entrepreneurial programs at York"}]},{"@type":"WebSite","@id":"https:\/\/www.yorku.ca\/yfile\/#website","url":"https:\/\/www.yorku.ca\/yfile\/","name":"YFile","description":"","potentialAction":[{"@type":"SearchAction","target":{"@type":"EntryPoint","urlTemplate":"https:\/\/www.yorku.ca\/yfile\/?s={search_term_string}"},"query-input":{"@type":"PropertyValueSpecification","valueRequired":true,"valueName":"search_term_string"}}],"inLanguage":"en-CA"},{"@type":"Person","@id":"https:\/\/www.yorku.ca\/yfile\/#\/schema\/person\/21f3dffe794363be5ece4ec7f538a0c0","name":"phalfert","image":{"@type":"ImageObject","inLanguage":"en-CA","@id":"https:\/\/secure.gravatar.com\/avatar\/9e3ac8a4ede7f72dd695c074c5291e11739705deae1422de177298d5aad6d559?s=96&d=mm&r=g","url":"https:\/\/secure.gravatar.com\/avatar\/9e3ac8a4ede7f72dd695c074c5291e11739705deae1422de177298d5aad6d559?s=96&d=mm&r=g","contentUrl":"https:\/\/secure.gravatar.com\/avatar\/9e3ac8a4ede7f72dd695c074c5291e11739705deae1422de177298d5aad6d559?s=96&d=mm&r=g","caption":"phalfert"},"url":"https:\/\/www.yorku.ca\/yfile\/author\/phalfert\/"}]}},"taxonomy_info":{"category":[{"value":25,"label":"Editor's Picks"},{"value":13,"label":"Teaching &amp; Learning"}],"post_tag":[{"value":78,"label":"Advancement"},{"value":29,"label":"Community"},{"value":33,"label":"Equity Diversity Inclusion (EDI)"},{"value":80,"label":"Glendon"},{"value":55,"label":"Innovation"},{"value":35,"label":"Partnerships"},{"value":47,"label":"SDG 10"},{"value":16,"label":"SDG 17"},{"value":17,"label":"SDG 4"},{"value":50,"label":"SDG 5"},{"value":15,"label":"SDGs"},{"value":14,"label":"Teaching and Learning"},{"value":4,"label":"YFile"}],"tags-to-show":[{"value":151,"label":"Advancement"},{"value":145,"label":"Community"},{"value":177,"label":"Equity Diversity Inclusion (EDI)"},{"value":171,"label":"Glendon"},{"value":176,"label":"Innovation"},{"value":153,"label":"Partnerships"},{"value":158,"label":"SDGs"},{"value":169,"label":"Teaching and Learning"}]},"featured_image_src_large":["https:\/\/www.yorku.ca\/yfile\/wp-content\/uploads\/sites\/889\/2023\/07\/crop_startup_multi_ethnic_shutterstock_2101929538-1024x341.jpg",1024,341,true],"author_info":{"display_name":"phalfert","author_link":"https:\/\/www.yorku.ca\/yfile\/author\/phalfert\/"},"comment_info":0,"category_info":[{"term_id":25,"name":"Editor's Picks","slug":"editors-picks","term_group":0,"term_taxonomy_id":25,"taxonomy":"category","description":"","parent":0,"count":6270,"filter":"raw","cat_ID":25,"category_count":6270,"category_description":"","cat_name":"Editor's Picks","category_nicename":"editors-picks","category_parent":0},{"term_id":13,"name":"Teaching &amp; Learning","slug":"teaching-learning","term_group":0,"term_taxonomy_id":13,"taxonomy":"category","description":"","parent":0,"count":738,"filter":"raw","cat_ID":13,"category_count":738,"category_description":"","cat_name":"Teaching &amp; Learning","category_nicename":"teaching-learning","category_parent":0}],"tag_info":[{"term_id":78,"name":"Advancement","slug":"advancement","term_group":0,"term_taxonomy_id":78,"taxonomy":"post_tag","description":"","parent":0,"count":71,"filter":"raw"},{"term_id":29,"name":"Community","slug":"community","term_group":0,"term_taxonomy_id":29,"taxonomy":"post_tag","description":"","parent":0,"count":966,"filter":"raw"},{"term_id":33,"name":"Equity Diversity Inclusion (EDI)","slug":"equity","term_group":0,"term_taxonomy_id":33,"taxonomy":"post_tag","description":"","parent":0,"count":492,"filter":"raw"},{"term_id":80,"name":"Glendon","slug":"glendon","term_group":0,"term_taxonomy_id":80,"taxonomy":"post_tag","description":"","parent":0,"count":312,"filter":"raw"},{"term_id":55,"name":"Innovation","slug":"innovation","term_group":0,"term_taxonomy_id":55,"taxonomy":"post_tag","description":"","parent":0,"count":225,"filter":"raw"},{"term_id":35,"name":"Partnerships","slug":"partnerships","term_group":0,"term_taxonomy_id":35,"taxonomy":"post_tag","description":"","parent":0,"count":282,"filter":"raw"},{"term_id":47,"name":"SDG 10","slug":"sdg-10","term_group":0,"term_taxonomy_id":47,"taxonomy":"post_tag","description":"","parent":0,"count":445,"filter":"raw"},{"term_id":16,"name":"SDG 17","slug":"sdg-17","term_group":0,"term_taxonomy_id":16,"taxonomy":"post_tag","description":"","parent":0,"count":321,"filter":"raw"},{"term_id":17,"name":"SDG 4","slug":"sdg-4","term_group":0,"term_taxonomy_id":17,"taxonomy":"post_tag","description":"","parent":0,"count":438,"filter":"raw"},{"term_id":50,"name":"SDG 5","slug":"sdg-5","term_group":0,"term_taxonomy_id":50,"taxonomy":"post_tag","description":"","parent":0,"count":155,"filter":"raw"},{"term_id":15,"name":"SDGs","slug":"sdg","term_group":0,"term_taxonomy_id":15,"taxonomy":"post_tag","description":"","parent":0,"count":1254,"filter":"raw"},{"term_id":14,"name":"Teaching and Learning","slug":"teaching-and-learning","term_group":0,"term_taxonomy_id":14,"taxonomy":"post_tag","description":"","parent":0,"count":767,"filter":"raw"},{"term_id":4,"name":"YFile","slug":"yfile","term_group":0,"term_taxonomy_id":4,"taxonomy":"post_tag","description":"","parent":0,"count":5316,"filter":"raw"}],"_links":{"self":[{"href":"https:\/\/www.yorku.ca\/yfile\/wp-json\/wp\/v2\/posts\/331565","targetHints":{"allow":["GET"]}}],"collection":[{"href":"https:\/\/www.yorku.ca\/yfile\/wp-json\/wp\/v2\/posts"}],"about":[{"href":"https:\/\/www.yorku.ca\/yfile\/wp-json\/wp\/v2\/types\/post"}],"author":[{"embeddable":true,"href":"https:\/\/www.yorku.ca\/yfile\/wp-json\/wp\/v2\/users\/5"}],"replies":[{"embeddable":true,"href":"https:\/\/www.yorku.ca\/yfile\/wp-json\/wp\/v2\/comments?post=331565"}],"version-history":[{"count":1,"href":"https:\/\/www.yorku.ca\/yfile\/wp-json\/wp\/v2\/posts\/331565\/revisions"}],"predecessor-version":[{"id":392649,"href":"https:\/\/www.yorku.ca\/yfile\/wp-json\/wp\/v2\/posts\/331565\/revisions\/392649"}],"wp:featuredmedia":[{"embeddable":true,"href":"https:\/\/www.yorku.ca\/yfile\/wp-json\/wp\/v2\/media\/337227"}],"wp:attachment":[{"href":"https:\/\/www.yorku.ca\/yfile\/wp-json\/wp\/v2\/media?parent=331565"}],"wp:term":[{"taxonomy":"category","embeddable":true,"href":"https:\/\/www.yorku.ca\/yfile\/wp-json\/wp\/v2\/categories?post=331565"},{"taxonomy":"post_tag","embeddable":true,"href":"https:\/\/www.yorku.ca\/yfile\/wp-json\/wp\/v2\/tags?post=331565"},{"taxonomy":"yfileauthor","embeddable":true,"href":"https:\/\/www.yorku.ca\/yfile\/wp-json\/wp\/v2\/yfileauthor?post=331565"},{"taxonomy":"qualifier","embeddable":true,"href":"https:\/\/www.yorku.ca\/yfile\/wp-json\/wp\/v2\/qualifier?post=331565"},{"taxonomy":"yfile-author","embeddable":true,"href":"https:\/\/www.yorku.ca\/yfile\/wp-json\/wp\/v2\/yfile-author?post=331565"},{"taxonomy":"tags-to-show","embeddable":true,"href":"https:\/\/www.yorku.ca\/yfile\/wp-json\/wp\/v2\/tags-to-show?post=331565"},{"taxonomy":"workflow","embeddable":true,"href":"https:\/\/www.yorku.ca\/yfile\/wp-json\/wp\/v2\/workflow?post=331565"}],"curies":[{"name":"wp","href":"https:\/\/api.w.org\/{rel}","templated":true}]}}