  {"id":326305,"date":"2022-12-09T14:45:45","date_gmt":"2022-12-09T19:45:45","guid":{"rendered":"https:\/\/yfile.news.yorku.ca\/?p=326305"},"modified":"2025-04-02T12:24:09","modified_gmt":"2025-04-02T16:24:09","slug":"holiday-closure-information-for-the-community-2","status":"publish","type":"post","link":"https:\/\/www.yorku.ca\/yfile\/2022\/12\/09\/holiday-closure-information-for-the-community-2\/","title":{"rendered":"Holiday closure\u00a0information for the community"},"content":{"rendered":"\n<p>La version fran\u00e7aise suit la version anglaise.&nbsp;<\/p>\n\n\n\n<p>Dear York community,<\/p>\n\n\n\n<p>As the holiday season approaches, I want to remind you of the extended University holiday closure period. York\u2019s campuses will be closed as of Friday, Dec. 23, 2022, through to Tuesday, Jan. 3, 2023, and will&nbsp;<strong>re-open on Wednesday Jan. 4, 2023<\/strong>.&nbsp;&nbsp;Please note that there are a few&nbsp;exceptions&nbsp;to the re-opening date for some Faculties and units, which can be found&nbsp;<a rel=\"noreferrer noopener\" href=\"https:\/\/registrar.yorku.ca\/enrol\/dates\/2022-2023\/fall-winter\" target=\"_blank\">here<\/a>.<\/p>\n\n\n\n<p>We would also like to take this opportunity to extend our sincerest gratitude to all of our colleagues who&nbsp;are required to work or provide instruction over the holiday period.<\/p>\n\n\n\n<p>Staff who require building access during the closure period should notify their respective managers, deans, ADRs, AVPs, SEOs, EOs or designates.&nbsp;<strong>For those who require holiday access and who currently do not have electronic or key access to their building&nbsp;<\/strong>please make individual building access arrangements through your managers, deans, ADRs, AVPs, SEOs, EOs or designates.<\/p>\n\n\n\n<p><strong>How to obtain keys and access cards<\/strong><\/p>\n\n\n\n<ul class=\"wp-block-list\">\n<li>As most of the buildings at the University have been converted to&nbsp;YU&nbsp;card access, please make every effort to obtain a current&nbsp;YU&nbsp;card prior to the holidays. Please provide the&nbsp;information on the&nbsp;YU&nbsp;card (name, York ID # and card number) to your&nbsp;managers, deans, ADRs, AVPs, SEOs, EOs or designates.<\/li>\n\n\n\n<li>Keys or access cards can be signed out through the Security Control Centre located at the northeast corner of the William Small Building on Keele Campus or from the Security Office located in the Greenhouse Building on Glendon Campus.<\/li>\n\n\n\n<li>It is important to note that key or access cards provided by the Security Control Centre during this time are used for&nbsp;<strong>building access only<\/strong>; you must also have your office key or office access card with you to gain full access to your area.<\/li>\n\n\n\n<li>All persons signing out keys or access cards will be required to&nbsp;<strong>submit an access request by Friday, Dec. 16<\/strong>, to your&nbsp;deans, ADRs, AVPs, SEOs, EOs or designates, who will then send&nbsp;requests to&nbsp;<a href=\"mailto:doorcard@yorku.ca\" target=\"_blank\" rel=\"noreferrer noopener\">doorcard@yorku.ca<\/a>.<\/li>\n\n\n\n<li>You must show photo identification when collecting keys or access cards.<\/li>\n<\/ul>\n\n\n\n<p>If you are coming on campus over the holiday closure period, please adhere to all current health and safety protocols that can be found at&nbsp;<a href=\"https:\/\/www.yorku.ca\/bettertogether\/\" target=\"_blank\" rel=\"noreferrer noopener\">Better Together (yorku.ca)<\/a>. These measures are important to our ongoing commitment to the heath and safety of our community.<\/p>\n\n\n\n<p>If you are working alone during the holiday closure, please be aware of the&nbsp;<a href=\"https:\/\/www.yorku.ca\/safety\/wwa\/\" target=\"_blank\" rel=\"noreferrer noopener\">Why Work Alone Program<\/a>&nbsp;provided by the Community Safety 快播视频 Department. You can request that Security Services check in on you periodically while you are on campus.<\/p>\n\n\n\n<p>Thank you for your continued support and we wish you all a safe and happy holiday.<\/p>\n\n\n\n<p>Sincerely,<\/p>\n\n\n\n<p><strong>Carol McAulay<br>Vice-President, Finance and Administration<\/strong><\/p>\n\n\n\n<hr class=\"wp-block-separator has-alpha-channel-opacity\"\/>\n\n\n\n<h2 class=\"wp-block-heading\">Information au sujet de la fermeture pour les f\u00eates<\/h2>\n\n\n\n<p>Chers membres de la communaut\u00e9 de York,<\/p>\n\n\n\n<p>\u00c0 l\u2019approche de la saison des f\u00eates, je tiens \u00e0 vous rappeler la fermeture prolong\u00e9e de l\u2019Universit\u00e9. Les campus de York seront ferm\u00e9s du vendredi&nbsp;23&nbsp;d\u00e9cembre&nbsp;2022 au mardi&nbsp;3&nbsp;janvier&nbsp;2023 inclus; ils rouvriront le&nbsp;<strong>mercredi&nbsp;4&nbsp;janvier&nbsp;2023<\/strong>.&nbsp;&nbsp;Veuillez noter qu'il y a quelques exceptions \u00e0 la date de r\u00e9ouverture de certaines facult\u00e9s et unit\u00e9s, que vous pouvez consulter&nbsp;<a href=\"https:\/\/registrar.yorku.ca\/enrol\/dates\/2022-2023\/fall-winter\" target=\"_blank\" rel=\"noreferrer noopener\"><em>ici<\/em><em>.<\/em><\/a><\/p>\n\n\n\n<p>Nous profitons \u00e9galement de cette occasion pour exprimer notre plus sinc\u00e8re gratitude \u00e0 tous nos coll\u00e8gues qui doivent travailler ou donner des cours pendant la p\u00e9riode des f\u00eates.<\/p>\n\n\n\n<p>Les membres du personnel qui ont besoin d\u2019acc\u00e9der aux b\u00e2timents pendant la p\u00e9riode de fermeture doivent en&nbsp;informer leurs gestionnaires, doyens\/doyennes, doyens associ\u00e9s\/doyennes associ\u00e9es de la recherche (ADR), VPA, agents\/agentes de la haute direction (SEO), directrices g\u00e9n\u00e9rales\/directeurs g\u00e9n\u00e9raux (EO) ou personnes d\u00e9sign\u00e9es.&nbsp;<strong>Les personnes qui ont besoin d\u2019un acc\u00e8s pendant les vacances et qui ne disposent pas actuellement d\u2019un acc\u00e8s \u00e9lectronique ou d\u2019un acc\u00e8s par cl\u00e9 \u00e0 leur b\u00e2timent<\/strong>&nbsp;doivent prendre des dispositions pour un acc\u00e8s individuel au b\u00e2timent par l\u2019interm\u00e9diaire de leurs gestionnaires, doyens\/doyennes, ADR, VPA, SEO, EO ou personnes d\u00e9sign\u00e9es.<\/p>\n\n\n\n<p><strong>Comment obtenir les cl\u00e9s et les cartes d\u2019acc\u00e8s<\/strong><\/p>\n\n\n\n<ul class=\"wp-block-list\">\n<li>Comme la plupart des b\u00e2timents de l'Universit\u00e9 ont \u00e9t\u00e9 convertis \u00e0 l'acc\u00e8s par carte&nbsp;YU, veuillez faire tout votre possible pour obtenir une carte&nbsp;YU&nbsp;valide avant les f\u00eates. Veuillez fournir les&nbsp;informations figurant sur la carte&nbsp;YU&nbsp;(nom, num\u00e9ro d'identification York et num\u00e9ro de carte) \u00e0 vos gestionnaires, doyens et doyennes, ADR, AVP, SEO, EO ou personnes d\u00e9sign\u00e9es.<\/li>\n\n\n\n<li>Vous pouvez r\u00e9cup\u00e9rer les cl\u00e9s ou les cartes d\u2019acc\u00e8s au Centre de contr\u00f4le de la s\u00e9curit\u00e9 situ\u00e9 \u00e0 l\u2019angle nord-est du b\u00e2timent William Small sur le campus Keele ou au Bureau des Services de s\u00e9curit\u00e9 situ\u00e9 dans la Serre sur le campus Glendon.<\/li>\n\n\n\n<li>Il est important de noter que les cl\u00e9s ou les cartes d\u2019acc\u00e8s fournies par le Centre de contr\u00f4le de la s\u00e9curit\u00e9 pendant cette p\u00e9riode doivent \u00eatre utilis\u00e9es pour&nbsp;<strong>l\u2019acc\u00e8s au b\u00e2timent uniquement;<\/strong>&nbsp;vous devez aussi avoir la cl\u00e9 ou la carte d\u2019acc\u00e8s de votre bureau pour acc\u00e9der \u00e0 votre zone.<\/li>\n\n\n\n<li>Toutes les personnes r\u00e9cup\u00e9rant des cl\u00e9s ou des cartes d\u2019acc\u00e8s devront&nbsp;<strong>soumettre une demande d\u2019acc\u00e8s d\u2019ici le vendredi&nbsp;16&nbsp;d\u00e9cembre<\/strong>&nbsp;\u00e0 leurs gestionnaires, doyens\/doyennes, ADR, AVP, SEO, EO ou personnes d\u00e9sign\u00e9es qui enverront ensuite les demandes \u00e0&nbsp;<a href=\"mailto:doorcard@yorku.ca\" target=\"_blank\" rel=\"noreferrer noopener\">doorcard@yorku.ca<\/a>.<\/li>\n\n\n\n<li>Vous devrez pr\u00e9senter une pi\u00e8ce d\u2019identit\u00e9 avec photo lorsque vous prendrez possession des cl\u00e9s ou des cartes d\u2019acc\u00e8s.<\/li>\n<\/ul>\n\n\n\n<p>Si vous venez sur le campus pendant la p\u00e9riode de fermeture des f\u00eates, veuillez respecter tous les protocoles de sant\u00e9 et de s\u00e9curit\u00e9 en vigueur affich\u00e9s sur le site&nbsp;<a href=\"https:\/\/www.yorku.ca\/bettertogether\/?lang=fr\" target=\"_blank\" rel=\"noreferrer noopener\">Mieux ensemble (yorku.ca)<\/a>. Ces mesures font partie int\u00e9grante de notre engagement envers la sant\u00e9 et la s\u00e9curit\u00e9 des membres de notre communaut\u00e9.<\/p>\n\n\n\n<p>Si vous travaillez solo pendant la fermeture des f\u00eates, veuillez prendre connaissance du programme&nbsp;<a href=\"https:\/\/www.yorku.ca\/safety\/wwa\/\" target=\"_blank\" rel=\"noreferrer noopener\">Pourquoi travailler seul?<\/a>&nbsp;offert par le D\u00e9partement de la s\u00e9curit\u00e9 communautaire. Vous pouvez demander aux Services de s\u00e9curit\u00e9 de prendre p\u00e9riodiquement de vos nouvelles pendant que vous \u00eates sur les campus.<\/p>\n\n\n\n<p>Je vous remercie pour votre soutien continu et je vous souhaite de bonnes f\u00eates en toute s\u00e9curit\u00e9.<\/p>\n\n\n\n<p>Sinc\u00e8res salutations,<\/p>\n\n\n\n<p><strong>Carol McAulay<br>Vice-pr\u00e9sidente des finances et de l\u2019administration<\/strong><\/p>\n","protected":false},"excerpt":{"rendered":"<p>York\u2019s campuses will be closed as of Friday, Dec. 23, 2022, through to Tuesday, Jan. 3, 2023, and will\u00a0re-open on Wednesday Jan. 4, 2023.\u00a0<\/p>\n","protected":false},"author":5,"featured_media":249257,"comment_status":"closed","ping_status":"closed","sticky":false,"template":"","format":"standard","meta":{"_acf_changed":false,"_kad_blocks_custom_css":"","_kad_blocks_head_custom_js":"","_kad_blocks_body_custom_js":"","_kad_blocks_footer_custom_js":"","footnotes":""},"categories":[11],"tags":[79,4],"yfileauthor":[],"qualifier":[],"yfile-author":[],"tags-to-show":[],"workflow":[],"class_list":["post-326305","post","type-post","status-publish","format-standard","has-post-thumbnail","hentry","category-latest-news","tag-operations","tag-yfile"],"acf":{"internal_publish_date":null,"original_image":null},"yoast_head":"<!-- This site is optimized with the Yoast SEO plugin v27.4 - https:\/\/yoast.com\/product\/yoast-seo-wordpress\/ -->\n<title>Holiday closure\u00a0information for the community - YFile<\/title>\n<meta name=\"robots\" content=\"index, follow, max-snippet:-1, max-image-preview:large, max-video-preview:-1\" \/>\n<link rel=\"canonical\" href=\"https:\/\/www.yorku.ca\/yfile\/2022\/12\/09\/holiday-closure-information-for-the-community-2\/\" \/>\n<meta property=\"og:locale\" content=\"en_US\" \/>\n<meta property=\"og:type\" content=\"article\" \/>\n<meta property=\"og:title\" content=\"Holiday closure\u00a0information for the community - YFile\" \/>\n<meta property=\"og:description\" content=\"York\u2019s campuses will be closed as of Friday, Dec. 23, 2022, through to Tuesday, Jan. 3, 2023, and will\u00a0re-open on Wednesday Jan. 4, 2023.\u00a0\" \/>\n<meta property=\"og:url\" content=\"https:\/\/www.yorku.ca\/yfile\/2022\/12\/09\/holiday-closure-information-for-the-community-2\/\" \/>\n<meta property=\"og:site_name\" content=\"YFile\" \/>\n<meta property=\"article:published_time\" content=\"2022-12-09T19:45:45+00:00\" \/>\n<meta property=\"article:modified_time\" content=\"2025-04-02T16:24:09+00:00\" \/>\n<meta property=\"og:image\" content=\"https:\/\/www.yorku.ca\/yfile\/wp-content\/uploads\/sites\/889\/2018\/01\/FEATUREDimageNewYear.jpg\" \/>\n\t<meta property=\"og:image:width\" content=\"880\" \/>\n\t<meta property=\"og:image:height\" content=\"290\" \/>\n\t<meta property=\"og:image:type\" content=\"image\/jpeg\" \/>\n<meta name=\"author\" content=\"phalfert\" \/>\n<meta name=\"twitter:card\" content=\"summary_large_image\" \/>\n<meta name=\"twitter:label1\" content=\"Written by\" \/>\n\t<meta name=\"twitter:data1\" content=\"phalfert\" \/>\n\t<meta name=\"twitter:label2\" content=\"Est. reading time\" \/>\n\t<meta name=\"twitter:data2\" content=\"6 minutes\" \/>\n<script type=\"application\/ld+json\" class=\"yoast-schema-graph\">{\"@context\":\"https:\\\/\\\/schema.org\",\"@graph\":[{\"@type\":\"Article\",\"@id\":\"https:\\\/\\\/www.yorku.ca\\\/yfile\\\/2022\\\/12\\\/09\\\/holiday-closure-information-for-the-community-2\\\/#article\",\"isPartOf\":{\"@id\":\"https:\\\/\\\/www.yorku.ca\\\/yfile\\\/2022\\\/12\\\/09\\\/holiday-closure-information-for-the-community-2\\\/\"},\"author\":{\"name\":\"phalfert\",\"@id\":\"https:\\\/\\\/www.yorku.ca\\\/yfile\\\/#\\\/schema\\\/person\\\/21f3dffe794363be5ece4ec7f538a0c0\"},\"headline\":\"Holiday closure\u00a0information for the community\",\"datePublished\":\"2022-12-09T19:45:45+00:00\",\"dateModified\":\"2025-04-02T16:24:09+00:00\",\"mainEntityOfPage\":{\"@id\":\"https:\\\/\\\/www.yorku.ca\\\/yfile\\\/2022\\\/12\\\/09\\\/holiday-closure-information-for-the-community-2\\\/\"},\"wordCount\":1156,\"image\":{\"@id\":\"https:\\\/\\\/www.yorku.ca\\\/yfile\\\/2022\\\/12\\\/09\\\/holiday-closure-information-for-the-community-2\\\/#primaryimage\"},\"thumbnailUrl\":\"https:\\\/\\\/www.yorku.ca\\\/yfile\\\/wp-content\\\/uploads\\\/sites\\\/889\\\/2018\\\/01\\\/FEATUREDimageNewYear.jpg\",\"keywords\":[\"Operations\",\"YFile\"],\"articleSection\":[\"Latest News\"],\"inLanguage\":\"en-CA\",\"copyrightYear\":\"2022\",\"copyrightHolder\":{\"@id\":\"https:\\\/\\\/www.yorku.ca\\\/yfile\\\/#organization\"}},{\"@type\":\"WebPage\",\"@id\":\"https:\\\/\\\/www.yorku.ca\\\/yfile\\\/2022\\\/12\\\/09\\\/holiday-closure-information-for-the-community-2\\\/\",\"url\":\"https:\\\/\\\/www.yorku.ca\\\/yfile\\\/2022\\\/12\\\/09\\\/holiday-closure-information-for-the-community-2\\\/\",\"name\":\"Holiday closure\u00a0information for the community - YFile\",\"isPartOf\":{\"@id\":\"https:\\\/\\\/www.yorku.ca\\\/yfile\\\/#website\"},\"primaryImageOfPage\":{\"@id\":\"https:\\\/\\\/www.yorku.ca\\\/yfile\\\/2022\\\/12\\\/09\\\/holiday-closure-information-for-the-community-2\\\/#primaryimage\"},\"image\":{\"@id\":\"https:\\\/\\\/www.yorku.ca\\\/yfile\\\/2022\\\/12\\\/09\\\/holiday-closure-information-for-the-community-2\\\/#primaryimage\"},\"thumbnailUrl\":\"https:\\\/\\\/www.yorku.ca\\\/yfile\\\/wp-content\\\/uploads\\\/sites\\\/889\\\/2018\\\/01\\\/FEATUREDimageNewYear.jpg\",\"datePublished\":\"2022-12-09T19:45:45+00:00\",\"dateModified\":\"2025-04-02T16:24:09+00:00\",\"author\":{\"@id\":\"https:\\\/\\\/www.yorku.ca\\\/yfile\\\/#\\\/schema\\\/person\\\/21f3dffe794363be5ece4ec7f538a0c0\"},\"breadcrumb\":{\"@id\":\"https:\\\/\\\/www.yorku.ca\\\/yfile\\\/2022\\\/12\\\/09\\\/holiday-closure-information-for-the-community-2\\\/#breadcrumb\"},\"inLanguage\":\"en-CA\",\"potentialAction\":[{\"@type\":\"ReadAction\",\"target\":[\"https:\\\/\\\/www.yorku.ca\\\/yfile\\\/2022\\\/12\\\/09\\\/holiday-closure-information-for-the-community-2\\\/\"]}]},{\"@type\":\"ImageObject\",\"inLanguage\":\"en-CA\",\"@id\":\"https:\\\/\\\/www.yorku.ca\\\/yfile\\\/2022\\\/12\\\/09\\\/holiday-closure-information-for-the-community-2\\\/#primaryimage\",\"url\":\"https:\\\/\\\/www.yorku.ca\\\/yfile\\\/wp-content\\\/uploads\\\/sites\\\/889\\\/2018\\\/01\\\/FEATUREDimageNewYear.jpg\",\"contentUrl\":\"https:\\\/\\\/www.yorku.ca\\\/yfile\\\/wp-content\\\/uploads\\\/sites\\\/889\\\/2018\\\/01\\\/FEATUREDimageNewYear.jpg\",\"width\":880,\"height\":290,\"caption\":\"快播视频 in the Winter. Keele campus scene shows a building and pine boughs.\"},{\"@type\":\"BreadcrumbList\",\"@id\":\"https:\\\/\\\/www.yorku.ca\\\/yfile\\\/2022\\\/12\\\/09\\\/holiday-closure-information-for-the-community-2\\\/#breadcrumb\",\"itemListElement\":[{\"@type\":\"ListItem\",\"position\":1,\"name\":\"Home\",\"item\":\"https:\\\/\\\/www.yorku.ca\\\/yfile\\\/\"},{\"@type\":\"ListItem\",\"position\":2,\"name\":\"Holiday closure\u00a0information for the community\"}]},{\"@type\":\"WebSite\",\"@id\":\"https:\\\/\\\/www.yorku.ca\\\/yfile\\\/#website\",\"url\":\"https:\\\/\\\/www.yorku.ca\\\/yfile\\\/\",\"name\":\"YFile\",\"description\":\"\",\"potentialAction\":[{\"@type\":\"SearchAction\",\"target\":{\"@type\":\"EntryPoint\",\"urlTemplate\":\"https:\\\/\\\/www.yorku.ca\\\/yfile\\\/?s={search_term_string}\"},\"query-input\":{\"@type\":\"PropertyValueSpecification\",\"valueRequired\":true,\"valueName\":\"search_term_string\"}}],\"inLanguage\":\"en-CA\"},{\"@type\":\"Person\",\"@id\":\"https:\\\/\\\/www.yorku.ca\\\/yfile\\\/#\\\/schema\\\/person\\\/21f3dffe794363be5ece4ec7f538a0c0\",\"name\":\"phalfert\",\"image\":{\"@type\":\"ImageObject\",\"inLanguage\":\"en-CA\",\"@id\":\"https:\\\/\\\/secure.gravatar.com\\\/avatar\\\/9e3ac8a4ede7f72dd695c074c5291e11739705deae1422de177298d5aad6d559?s=96&d=mm&r=g\",\"url\":\"https:\\\/\\\/secure.gravatar.com\\\/avatar\\\/9e3ac8a4ede7f72dd695c074c5291e11739705deae1422de177298d5aad6d559?s=96&d=mm&r=g\",\"contentUrl\":\"https:\\\/\\\/secure.gravatar.com\\\/avatar\\\/9e3ac8a4ede7f72dd695c074c5291e11739705deae1422de177298d5aad6d559?s=96&d=mm&r=g\",\"caption\":\"phalfert\"},\"url\":\"https:\\\/\\\/www.yorku.ca\\\/yfile\\\/author\\\/phalfert\\\/\"}]}<\/script>\n<!-- \/ Yoast SEO plugin. -->","yoast_head_json":{"title":"Holiday closure\u00a0information for the community - YFile","robots":{"index":"index","follow":"follow","max-snippet":"max-snippet:-1","max-image-preview":"max-image-preview:large","max-video-preview":"max-video-preview:-1"},"canonical":"https:\/\/www.yorku.ca\/yfile\/2022\/12\/09\/holiday-closure-information-for-the-community-2\/","og_locale":"en_US","og_type":"article","og_title":"Holiday closure\u00a0information for the community - YFile","og_description":"York\u2019s campuses will be closed as of Friday, Dec. 23, 2022, through to Tuesday, Jan. 3, 2023, and will\u00a0re-open on Wednesday Jan. 4, 2023.\u00a0","og_url":"https:\/\/www.yorku.ca\/yfile\/2022\/12\/09\/holiday-closure-information-for-the-community-2\/","og_site_name":"YFile","article_published_time":"2022-12-09T19:45:45+00:00","article_modified_time":"2025-04-02T16:24:09+00:00","og_image":[{"width":880,"height":290,"url":"https:\/\/www.yorku.ca\/yfile\/wp-content\/uploads\/sites\/889\/2018\/01\/FEATUREDimageNewYear.jpg","type":"image\/jpeg"}],"author":"phalfert","twitter_card":"summary_large_image","twitter_misc":{"Written by":"phalfert","Est. reading time":"6 minutes"},"schema":{"@context":"https:\/\/schema.org","@graph":[{"@type":"Article","@id":"https:\/\/www.yorku.ca\/yfile\/2022\/12\/09\/holiday-closure-information-for-the-community-2\/#article","isPartOf":{"@id":"https:\/\/www.yorku.ca\/yfile\/2022\/12\/09\/holiday-closure-information-for-the-community-2\/"},"author":{"name":"phalfert","@id":"https:\/\/www.yorku.ca\/yfile\/#\/schema\/person\/21f3dffe794363be5ece4ec7f538a0c0"},"headline":"Holiday closure\u00a0information for the community","datePublished":"2022-12-09T19:45:45+00:00","dateModified":"2025-04-02T16:24:09+00:00","mainEntityOfPage":{"@id":"https:\/\/www.yorku.ca\/yfile\/2022\/12\/09\/holiday-closure-information-for-the-community-2\/"},"wordCount":1156,"image":{"@id":"https:\/\/www.yorku.ca\/yfile\/2022\/12\/09\/holiday-closure-information-for-the-community-2\/#primaryimage"},"thumbnailUrl":"https:\/\/www.yorku.ca\/yfile\/wp-content\/uploads\/sites\/889\/2018\/01\/FEATUREDimageNewYear.jpg","keywords":["Operations","YFile"],"articleSection":["Latest News"],"inLanguage":"en-CA","copyrightYear":"2022","copyrightHolder":{"@id":"https:\/\/www.yorku.ca\/yfile\/#organization"}},{"@type":"WebPage","@id":"https:\/\/www.yorku.ca\/yfile\/2022\/12\/09\/holiday-closure-information-for-the-community-2\/","url":"https:\/\/www.yorku.ca\/yfile\/2022\/12\/09\/holiday-closure-information-for-the-community-2\/","name":"Holiday closure\u00a0information for the community - YFile","isPartOf":{"@id":"https:\/\/www.yorku.ca\/yfile\/#website"},"primaryImageOfPage":{"@id":"https:\/\/www.yorku.ca\/yfile\/2022\/12\/09\/holiday-closure-information-for-the-community-2\/#primaryimage"},"image":{"@id":"https:\/\/www.yorku.ca\/yfile\/2022\/12\/09\/holiday-closure-information-for-the-community-2\/#primaryimage"},"thumbnailUrl":"https:\/\/www.yorku.ca\/yfile\/wp-content\/uploads\/sites\/889\/2018\/01\/FEATUREDimageNewYear.jpg","datePublished":"2022-12-09T19:45:45+00:00","dateModified":"2025-04-02T16:24:09+00:00","author":{"@id":"https:\/\/www.yorku.ca\/yfile\/#\/schema\/person\/21f3dffe794363be5ece4ec7f538a0c0"},"breadcrumb":{"@id":"https:\/\/www.yorku.ca\/yfile\/2022\/12\/09\/holiday-closure-information-for-the-community-2\/#breadcrumb"},"inLanguage":"en-CA","potentialAction":[{"@type":"ReadAction","target":["https:\/\/www.yorku.ca\/yfile\/2022\/12\/09\/holiday-closure-information-for-the-community-2\/"]}]},{"@type":"ImageObject","inLanguage":"en-CA","@id":"https:\/\/www.yorku.ca\/yfile\/2022\/12\/09\/holiday-closure-information-for-the-community-2\/#primaryimage","url":"https:\/\/www.yorku.ca\/yfile\/wp-content\/uploads\/sites\/889\/2018\/01\/FEATUREDimageNewYear.jpg","contentUrl":"https:\/\/www.yorku.ca\/yfile\/wp-content\/uploads\/sites\/889\/2018\/01\/FEATUREDimageNewYear.jpg","width":880,"height":290,"caption":"快播视频 in the Winter. Keele campus scene shows a building and pine boughs."},{"@type":"BreadcrumbList","@id":"https:\/\/www.yorku.ca\/yfile\/2022\/12\/09\/holiday-closure-information-for-the-community-2\/#breadcrumb","itemListElement":[{"@type":"ListItem","position":1,"name":"Home","item":"https:\/\/www.yorku.ca\/yfile\/"},{"@type":"ListItem","position":2,"name":"Holiday closure\u00a0information for the community"}]},{"@type":"WebSite","@id":"https:\/\/www.yorku.ca\/yfile\/#website","url":"https:\/\/www.yorku.ca\/yfile\/","name":"YFile","description":"","potentialAction":[{"@type":"SearchAction","target":{"@type":"EntryPoint","urlTemplate":"https:\/\/www.yorku.ca\/yfile\/?s={search_term_string}"},"query-input":{"@type":"PropertyValueSpecification","valueRequired":true,"valueName":"search_term_string"}}],"inLanguage":"en-CA"},{"@type":"Person","@id":"https:\/\/www.yorku.ca\/yfile\/#\/schema\/person\/21f3dffe794363be5ece4ec7f538a0c0","name":"phalfert","image":{"@type":"ImageObject","inLanguage":"en-CA","@id":"https:\/\/secure.gravatar.com\/avatar\/9e3ac8a4ede7f72dd695c074c5291e11739705deae1422de177298d5aad6d559?s=96&d=mm&r=g","url":"https:\/\/secure.gravatar.com\/avatar\/9e3ac8a4ede7f72dd695c074c5291e11739705deae1422de177298d5aad6d559?s=96&d=mm&r=g","contentUrl":"https:\/\/secure.gravatar.com\/avatar\/9e3ac8a4ede7f72dd695c074c5291e11739705deae1422de177298d5aad6d559?s=96&d=mm&r=g","caption":"phalfert"},"url":"https:\/\/www.yorku.ca\/yfile\/author\/phalfert\/"}]}},"taxonomy_info":{"category":[{"value":11,"label":"Latest News"}],"post_tag":[{"value":79,"label":"Operations"},{"value":4,"label":"YFile"}]},"featured_image_src_large":["https:\/\/www.yorku.ca\/yfile\/wp-content\/uploads\/sites\/889\/2018\/01\/FEATUREDimageNewYear.jpg",880,290,false],"author_info":{"display_name":"phalfert","author_link":"https:\/\/www.yorku.ca\/yfile\/author\/phalfert\/"},"comment_info":0,"category_info":[{"term_id":11,"name":"Latest News","slug":"latest-news","term_group":0,"term_taxonomy_id":11,"taxonomy":"category","description":"","parent":0,"count":12677,"filter":"raw","cat_ID":11,"category_count":12677,"category_description":"","cat_name":"Latest News","category_nicename":"latest-news","category_parent":0}],"tag_info":[{"term_id":79,"name":"Operations","slug":"operations","term_group":0,"term_taxonomy_id":79,"taxonomy":"post_tag","description":"","parent":0,"count":94,"filter":"raw"},{"term_id":4,"name":"YFile","slug":"yfile","term_group":0,"term_taxonomy_id":4,"taxonomy":"post_tag","description":"","parent":0,"count":5305,"filter":"raw"}],"_links":{"self":[{"href":"https:\/\/www.yorku.ca\/yfile\/wp-json\/wp\/v2\/posts\/326305","targetHints":{"allow":["GET"]}}],"collection":[{"href":"https:\/\/www.yorku.ca\/yfile\/wp-json\/wp\/v2\/posts"}],"about":[{"href":"https:\/\/www.yorku.ca\/yfile\/wp-json\/wp\/v2\/types\/post"}],"author":[{"embeddable":true,"href":"https:\/\/www.yorku.ca\/yfile\/wp-json\/wp\/v2\/users\/5"}],"replies":[{"embeddable":true,"href":"https:\/\/www.yorku.ca\/yfile\/wp-json\/wp\/v2\/comments?post=326305"}],"version-history":[{"count":1,"href":"https:\/\/www.yorku.ca\/yfile\/wp-json\/wp\/v2\/posts\/326305\/revisions"}],"predecessor-version":[{"id":392316,"href":"https:\/\/www.yorku.ca\/yfile\/wp-json\/wp\/v2\/posts\/326305\/revisions\/392316"}],"wp:featuredmedia":[{"embeddable":true,"href":"https:\/\/www.yorku.ca\/yfile\/wp-json\/wp\/v2\/media\/249257"}],"wp:attachment":[{"href":"https:\/\/www.yorku.ca\/yfile\/wp-json\/wp\/v2\/media?parent=326305"}],"wp:term":[{"taxonomy":"category","embeddable":true,"href":"https:\/\/www.yorku.ca\/yfile\/wp-json\/wp\/v2\/categories?post=326305"},{"taxonomy":"post_tag","embeddable":true,"href":"https:\/\/www.yorku.ca\/yfile\/wp-json\/wp\/v2\/tags?post=326305"},{"taxonomy":"yfileauthor","embeddable":true,"href":"https:\/\/www.yorku.ca\/yfile\/wp-json\/wp\/v2\/yfileauthor?post=326305"},{"taxonomy":"qualifier","embeddable":true,"href":"https:\/\/www.yorku.ca\/yfile\/wp-json\/wp\/v2\/qualifier?post=326305"},{"taxonomy":"yfile-author","embeddable":true,"href":"https:\/\/www.yorku.ca\/yfile\/wp-json\/wp\/v2\/yfile-author?post=326305"},{"taxonomy":"tags-to-show","embeddable":true,"href":"https:\/\/www.yorku.ca\/yfile\/wp-json\/wp\/v2\/tags-to-show?post=326305"},{"taxonomy":"workflow","embeddable":true,"href":"https:\/\/www.yorku.ca\/yfile\/wp-json\/wp\/v2\/workflow?post=326305"}],"curies":[{"name":"wp","href":"https:\/\/api.w.org\/{rel}","templated":true}]}}