  {"id":302041,"date":"2022-03-15T15:48:58","date_gmt":"2022-03-15T20:48:58","guid":{"rendered":"https:\/\/yfile.news.yorku.ca\/?p=302041"},"modified":"2025-04-02T12:11:56","modified_gmt":"2025-04-02T16:11:56","slug":"vaccination-mandate-remains-in-place-for-winter-term","status":"publish","type":"post","link":"https:\/\/www.yorku.ca\/yfile\/2022\/03\/15\/vaccination-mandate-remains-in-place-for-winter-term\/","title":{"rendered":"Vaccination mandate remains in place for winter term"},"content":{"rendered":"\n<p><em>La version fran\u00e7aise suit la version anglaise.<\/em><em>&nbsp;<\/em><\/p>\n\n\n\n<p>Dear York community,&nbsp;<\/p>\n\n\n\n<p>We continue to carefully review our COVID-19 protocols in light of the changes to&nbsp;<a rel=\"noreferrer noopener\" href=\"https:\/\/news.ontario.ca\/en\/release\/1001600\/ontario-moving-to-next-phase-of-reopening-on-february-17\" target=\"_blank\">provincial guidance<\/a>&nbsp;and the recent announcement from the&nbsp;<a rel=\"noreferrer noopener\" href=\"https:\/\/news.ontario.ca\/en\/statement\/1001732\/statement-from-ontarios-chief-medical-officer-of-health\" target=\"_blank\">Chief Medical Officer of Health<\/a>.&nbsp;To keep stability and continuity, York will&nbsp;<a rel=\"noreferrer noopener\" href=\"https:\/\/ontariosuniversities.ca\/cou-statement-covid-19-vaccination-and-masking-policies\" target=\"_blank\">maintain its masking requirement<\/a>&nbsp;for all community members until the end of the winter term, including the exam period (April 30).&nbsp; &nbsp;<\/p>\n\n\n\n<p>Masks are required in all indoor spaces&nbsp;including, but not limited to, teaching and research spaces, test\/exam locations, the Libraries, entry to Tait McKenzie Centre and the Glendon Athletic Club, shared offices and meeting rooms, and common areas in undergraduate residences.&nbsp;<\/p>\n\n\n\n<p>Other ongoing measures include&nbsp;required daily screening through&nbsp;<a rel=\"noreferrer noopener\" href=\"https:\/\/yorku.ubixhealth.com\/login\" target=\"_blank\">YU Screen<\/a>&nbsp;prior to attending&nbsp;campus and York\u2019s&nbsp;Vaccination Mandate&nbsp;policy.<strong>&nbsp;<\/strong>Key dates regarding our vaccination mandate can be found&nbsp;<a rel=\"noreferrer noopener\" href=\"https:\/\/www.yorku.ca\/secretariat\/policies\/policies\/covid-19-vaccination-mandate\/\" target=\"_blank\">here<\/a>.&nbsp;<\/p>\n\n\n\n<p>In this transitional period, our measured return requires gradual change in a safe manner. Consistent with requirements in instructional spaces, physical distancing will be encouraged across all spaces, but no longer required, unless otherwise indicated by the area. All community members should exercise discretion and sensitivity that respects the comfort and health needs&nbsp;of those working in or visiting indoor spaces at our campuses.&nbsp;<\/p>\n\n\n\n<p>We will share additional information about decisions for the summer term and beyond as soon as possible. Please continue to check the&nbsp;<a rel=\"noreferrer noopener\" href=\"https:\/\/www.yorku.ca\/bettertogether\/\" target=\"_blank\">YU Better Together<\/a>&nbsp;website for the most current information and ongoing updates.&nbsp;&nbsp;<\/p>\n\n\n\n<p>Sincerely,&nbsp;&nbsp;<\/p>\n\n\n\n<p><strong>Parissa Safai, PhD&nbsp;<br>Special Advisor to the President for Academic Continuity Planning and COVID-19 Response<\/strong><\/p>\n\n\n\n<hr class=\"wp-block-separator has-css-opacity\"\/>\n\n\n\n<h2 class=\"wp-block-heading\" id=\"la-politique-de-vaccination-reste-en-place-pour-le-trimestre-d-hiver\">La Politique de vaccination reste en place pour le trimestre d\u2019hiver<\/h2>\n\n\n\n<p>Ch\u00e8re communaut\u00e9 de York,&nbsp;<\/p>\n\n\n\n<p>Nous r\u00e9examinons attentivement nos protocoles COVID-19 \u00e0 la suite des changements apport\u00e9s aux&nbsp;<a rel=\"noreferrer noopener\" href=\"https:\/\/news.ontario.ca\/fr\/release\/1001600\/lontario-passera-a-letape-suivante-de-son-deconfinement-le-17-fevrier\" target=\"_blank\">directives provinciales<\/a>&nbsp;et de l\u2019annonce r\u00e9cente du&nbsp;<a rel=\"noreferrer noopener\" href=\"https:\/\/news.ontario.ca\/fr\/statement\/1001732\/declaration-du-medecin-hygieniste-en-chef-de-lontario\" target=\"_blank\">m\u00e9decin hygi\u00e9niste en chef<\/a>. \u00c0 des fins de stabilit\u00e9 et de continuit\u00e9, York&nbsp;<a rel=\"noreferrer noopener\" href=\"https:\/\/ontariosuniversities.ca\/cou-statement-covid-19-vaccination-and-masking-policies\" target=\"_blank\">maintient son obligation de port de masque<\/a>&nbsp;pour tous les membres de la communaut\u00e9 jusqu\u2019\u00e0 la fin du trimestre d\u2019hiver, y compris la p\u00e9riode des examens (30&nbsp;avril).&nbsp; &nbsp;<\/p>\n\n\n\n<p>Les masques demeurent obligatoires dans tous les espaces int\u00e9rieurs&nbsp;y compris, sans s\u2019y limiter, dans les espaces d\u2019enseignement et de recherche, dans les centres de tests et d\u2019examens, dans les biblioth\u00e8ques, \u00e0&nbsp;l\u2019entr\u00e9e du Centre Tait McKenzie et du Club athl\u00e9tique de Glendon, dans les bureaux partag\u00e9s et les salles de r\u00e9union ainsi que dans les salles communes des r\u00e9sidences \u00e9tudiantes de premier cycle.&nbsp;<\/p>\n\n\n\n<p>Parmi les autres mesures en cours, nous tenons \u00e0 vous rappeler l\u2019obligation de d\u00e9pistage quotidien \u00e0 l\u2019aide de&nbsp;<a rel=\"noreferrer noopener\" href=\"https:\/\/yorku.ubixhealth.com\/login\" target=\"_blank\">YU D\u00e9pistage<\/a>&nbsp;avant de vous rendre sur les campus et la Politique de vaccination de York. Les dates cl\u00e9s de notre Politique de vaccination sont indiqu\u00e9es&nbsp;<a rel=\"noreferrer noopener\" href=\"https:\/\/www.yorku.ca\/secretariat\/policies\/policies\/covid-19-vaccination-mandate\/\" target=\"_blank\">ici<\/a>.&nbsp;<\/p>\n\n\n\n<p>Dans cette p\u00e9riode de transition, notre retour mod\u00e9r\u00e9 comprend l\u2019introduction progressive de changements en toute s\u00e9curit\u00e9. Conform\u00e9ment aux exigences li\u00e9es aux espaces d\u2019enseignement, la distanciation physique sera encourag\u00e9e partout, mais ne sera plus obligatoire, sauf mention contraire dans ces espaces. Tous les membres de la communaut\u00e9 doivent preuve de discernement et respecter le niveau de confort et les besoins en mati\u00e8re de sant\u00e9 des personnes travaillant dans les espaces int\u00e9rieurs de nos campus ou les visitant.&nbsp;<\/p>\n\n\n\n<p>Nous vous communiquerons prochainement plus de d\u00e9tails sur les d\u00e9cisions prises pour le trimestre d\u2019\u00e9t\u00e9 et au-del\u00e0. Veuillez continuer \u00e0 consulter le site Web&nbsp;<a href=\"https:\/\/www.yorku.ca\/bettertogether\/?lang=fr\" target=\"_blank\" rel=\"noreferrer noopener\">Mieux ensemble<\/a>&nbsp;pour obtenir les informations les plus r\u00e9centes.&nbsp;&nbsp;<\/p>\n\n\n\n<p>Sinc\u00e8res salutations,&nbsp;&nbsp;<\/p>\n\n\n\n<p><strong>Parissa Safai, PhD<\/strong><br><strong>Conseill\u00e8re sp\u00e9ciale de la pr\u00e9sidente pour la planification de la continuit\u00e9 acad\u00e9mique et la r\u00e9ponse \u00e0 la COVID-19&nbsp;&nbsp;<\/strong><\/p>\n","protected":false},"excerpt":{"rendered":"<p>To keep stability and continuity, 快播视频 will\u00a0maintain its masking requirement\u00a0for all community members until the end of the winter term, including the exam period (April 30).\u00a0 \u00a0<\/p>\n","protected":false},"author":5,"featured_media":294903,"comment_status":"closed","ping_status":"closed","sticky":false,"template":"","format":"standard","meta":{"_acf_changed":false,"_kad_blocks_custom_css":"","_kad_blocks_head_custom_js":"","_kad_blocks_body_custom_js":"","_kad_blocks_footer_custom_js":"","footnotes":""},"categories":[11],"tags":[29,41,6,79,27,12,4],"yfileauthor":[],"qualifier":[],"yfile-author":[],"tags-to-show":[145,208,147,148,146],"workflow":[],"class_list":["post-302041","post","type-post","status-publish","format-standard","has-post-thumbnail","hentry","category-latest-news","tag-community","tag-covid19","tag-faculty","tag-operations","tag-staff","tag-students","tag-yfile","tags-to-show-community","tags-to-show-covid19","tags-to-show-faculty","tags-to-show-staff","tags-to-show-students"],"acf":{"internal_publish_date":null,"original_image":null},"yoast_head":"<!-- This site is optimized with the Yoast SEO plugin v27.4 - https:\/\/yoast.com\/product\/yoast-seo-wordpress\/ -->\n<title>Vaccination mandate remains in place for winter term - YFile<\/title>\n<meta name=\"robots\" content=\"index, follow, max-snippet:-1, max-image-preview:large, max-video-preview:-1\" \/>\n<link rel=\"canonical\" href=\"https:\/\/www.yorku.ca\/yfile\/2022\/03\/15\/vaccination-mandate-remains-in-place-for-winter-term\/\" \/>\n<meta property=\"og:locale\" content=\"en_US\" \/>\n<meta property=\"og:type\" content=\"article\" \/>\n<meta property=\"og:title\" content=\"Vaccination mandate remains in place for winter term - YFile\" \/>\n<meta property=\"og:description\" content=\"To keep stability and continuity, 快播视频 will\u00a0maintain its masking requirement\u00a0for all community members until the end of the winter term, including the exam period (April 30).\u00a0 \u00a0\" \/>\n<meta property=\"og:url\" content=\"https:\/\/www.yorku.ca\/yfile\/2022\/03\/15\/vaccination-mandate-remains-in-place-for-winter-term\/\" \/>\n<meta property=\"og:site_name\" content=\"YFile\" \/>\n<meta property=\"article:published_time\" content=\"2022-03-15T20:48:58+00:00\" \/>\n<meta property=\"article:modified_time\" content=\"2025-04-02T16:11:56+00:00\" \/>\n<meta property=\"og:image\" content=\"https:\/\/www.yorku.ca\/yfile\/wp-content\/uploads\/sites\/889\/2021\/10\/yfile-FEATURED-image-shows-students-walking-into-Vari-Hall-on-the-Keele-campus.jpg\" \/>\n\t<meta property=\"og:image:width\" content=\"1800\" \/>\n\t<meta property=\"og:image:height\" content=\"600\" \/>\n\t<meta property=\"og:image:type\" content=\"image\/jpeg\" \/>\n<meta name=\"author\" content=\"phalfert\" \/>\n<meta name=\"twitter:card\" content=\"summary_large_image\" \/>\n<meta name=\"twitter:label1\" content=\"Written by\" \/>\n\t<meta name=\"twitter:data1\" content=\"phalfert\" \/>\n\t<meta name=\"twitter:label2\" content=\"Est. reading time\" \/>\n\t<meta name=\"twitter:data2\" content=\"3 minutes\" \/>\n<script type=\"application\/ld+json\" class=\"yoast-schema-graph\">{\"@context\":\"https:\\\/\\\/schema.org\",\"@graph\":[{\"@type\":\"Article\",\"@id\":\"https:\\\/\\\/www.yorku.ca\\\/yfile\\\/2022\\\/03\\\/15\\\/vaccination-mandate-remains-in-place-for-winter-term\\\/#article\",\"isPartOf\":{\"@id\":\"https:\\\/\\\/www.yorku.ca\\\/yfile\\\/2022\\\/03\\\/15\\\/vaccination-mandate-remains-in-place-for-winter-term\\\/\"},\"author\":{\"name\":\"phalfert\",\"@id\":\"https:\\\/\\\/www.yorku.ca\\\/yfile\\\/#\\\/schema\\\/person\\\/21f3dffe794363be5ece4ec7f538a0c0\"},\"headline\":\"Vaccination mandate remains in place for winter term\",\"datePublished\":\"2022-03-15T20:48:58+00:00\",\"dateModified\":\"2025-04-02T16:11:56+00:00\",\"mainEntityOfPage\":{\"@id\":\"https:\\\/\\\/www.yorku.ca\\\/yfile\\\/2022\\\/03\\\/15\\\/vaccination-mandate-remains-in-place-for-winter-term\\\/\"},\"wordCount\":670,\"image\":{\"@id\":\"https:\\\/\\\/www.yorku.ca\\\/yfile\\\/2022\\\/03\\\/15\\\/vaccination-mandate-remains-in-place-for-winter-term\\\/#primaryimage\"},\"thumbnailUrl\":\"https:\\\/\\\/www.yorku.ca\\\/yfile\\\/wp-content\\\/uploads\\\/sites\\\/889\\\/2021\\\/10\\\/yfile-FEATURED-image-shows-students-walking-into-Vari-Hall-on-the-Keele-campus.jpg\",\"keywords\":[\"Community\",\"COVID19\",\"Faculty\",\"Operations\",\"Staff\",\"Students\",\"YFile\"],\"articleSection\":[\"Latest News\"],\"inLanguage\":\"en-CA\",\"copyrightYear\":\"2022\",\"copyrightHolder\":{\"@id\":\"https:\\\/\\\/www.yorku.ca\\\/yfile\\\/#organization\"}},{\"@type\":\"WebPage\",\"@id\":\"https:\\\/\\\/www.yorku.ca\\\/yfile\\\/2022\\\/03\\\/15\\\/vaccination-mandate-remains-in-place-for-winter-term\\\/\",\"url\":\"https:\\\/\\\/www.yorku.ca\\\/yfile\\\/2022\\\/03\\\/15\\\/vaccination-mandate-remains-in-place-for-winter-term\\\/\",\"name\":\"Vaccination mandate remains in place for winter term - YFile\",\"isPartOf\":{\"@id\":\"https:\\\/\\\/www.yorku.ca\\\/yfile\\\/#website\"},\"primaryImageOfPage\":{\"@id\":\"https:\\\/\\\/www.yorku.ca\\\/yfile\\\/2022\\\/03\\\/15\\\/vaccination-mandate-remains-in-place-for-winter-term\\\/#primaryimage\"},\"image\":{\"@id\":\"https:\\\/\\\/www.yorku.ca\\\/yfile\\\/2022\\\/03\\\/15\\\/vaccination-mandate-remains-in-place-for-winter-term\\\/#primaryimage\"},\"thumbnailUrl\":\"https:\\\/\\\/www.yorku.ca\\\/yfile\\\/wp-content\\\/uploads\\\/sites\\\/889\\\/2021\\\/10\\\/yfile-FEATURED-image-shows-students-walking-into-Vari-Hall-on-the-Keele-campus.jpg\",\"datePublished\":\"2022-03-15T20:48:58+00:00\",\"dateModified\":\"2025-04-02T16:11:56+00:00\",\"author\":{\"@id\":\"https:\\\/\\\/www.yorku.ca\\\/yfile\\\/#\\\/schema\\\/person\\\/21f3dffe794363be5ece4ec7f538a0c0\"},\"breadcrumb\":{\"@id\":\"https:\\\/\\\/www.yorku.ca\\\/yfile\\\/2022\\\/03\\\/15\\\/vaccination-mandate-remains-in-place-for-winter-term\\\/#breadcrumb\"},\"inLanguage\":\"en-CA\",\"potentialAction\":[{\"@type\":\"ReadAction\",\"target\":[\"https:\\\/\\\/www.yorku.ca\\\/yfile\\\/2022\\\/03\\\/15\\\/vaccination-mandate-remains-in-place-for-winter-term\\\/\"]}]},{\"@type\":\"ImageObject\",\"inLanguage\":\"en-CA\",\"@id\":\"https:\\\/\\\/www.yorku.ca\\\/yfile\\\/2022\\\/03\\\/15\\\/vaccination-mandate-remains-in-place-for-winter-term\\\/#primaryimage\",\"url\":\"https:\\\/\\\/www.yorku.ca\\\/yfile\\\/wp-content\\\/uploads\\\/sites\\\/889\\\/2021\\\/10\\\/yfile-FEATURED-image-shows-students-walking-into-Vari-Hall-on-the-Keele-campus.jpg\",\"contentUrl\":\"https:\\\/\\\/www.yorku.ca\\\/yfile\\\/wp-content\\\/uploads\\\/sites\\\/889\\\/2021\\\/10\\\/yfile-FEATURED-image-shows-students-walking-into-Vari-Hall-on-the-Keele-campus.jpg\",\"width\":1800,\"height\":600,\"caption\":\"yfile FEATURED image shows students walking into Vari Hall on the Keele campus\"},{\"@type\":\"BreadcrumbList\",\"@id\":\"https:\\\/\\\/www.yorku.ca\\\/yfile\\\/2022\\\/03\\\/15\\\/vaccination-mandate-remains-in-place-for-winter-term\\\/#breadcrumb\",\"itemListElement\":[{\"@type\":\"ListItem\",\"position\":1,\"name\":\"Home\",\"item\":\"https:\\\/\\\/www.yorku.ca\\\/yfile\\\/\"},{\"@type\":\"ListItem\",\"position\":2,\"name\":\"Vaccination mandate remains in place for winter term\"}]},{\"@type\":\"WebSite\",\"@id\":\"https:\\\/\\\/www.yorku.ca\\\/yfile\\\/#website\",\"url\":\"https:\\\/\\\/www.yorku.ca\\\/yfile\\\/\",\"name\":\"YFile\",\"description\":\"\",\"potentialAction\":[{\"@type\":\"SearchAction\",\"target\":{\"@type\":\"EntryPoint\",\"urlTemplate\":\"https:\\\/\\\/www.yorku.ca\\\/yfile\\\/?s={search_term_string}\"},\"query-input\":{\"@type\":\"PropertyValueSpecification\",\"valueRequired\":true,\"valueName\":\"search_term_string\"}}],\"inLanguage\":\"en-CA\"},{\"@type\":\"Person\",\"@id\":\"https:\\\/\\\/www.yorku.ca\\\/yfile\\\/#\\\/schema\\\/person\\\/21f3dffe794363be5ece4ec7f538a0c0\",\"name\":\"phalfert\",\"image\":{\"@type\":\"ImageObject\",\"inLanguage\":\"en-CA\",\"@id\":\"https:\\\/\\\/secure.gravatar.com\\\/avatar\\\/9e3ac8a4ede7f72dd695c074c5291e11739705deae1422de177298d5aad6d559?s=96&d=mm&r=g\",\"url\":\"https:\\\/\\\/secure.gravatar.com\\\/avatar\\\/9e3ac8a4ede7f72dd695c074c5291e11739705deae1422de177298d5aad6d559?s=96&d=mm&r=g\",\"contentUrl\":\"https:\\\/\\\/secure.gravatar.com\\\/avatar\\\/9e3ac8a4ede7f72dd695c074c5291e11739705deae1422de177298d5aad6d559?s=96&d=mm&r=g\",\"caption\":\"phalfert\"},\"url\":\"https:\\\/\\\/www.yorku.ca\\\/yfile\\\/author\\\/phalfert\\\/\"}]}<\/script>\n<!-- \/ Yoast SEO plugin. -->","yoast_head_json":{"title":"Vaccination mandate remains in place for winter term - YFile","robots":{"index":"index","follow":"follow","max-snippet":"max-snippet:-1","max-image-preview":"max-image-preview:large","max-video-preview":"max-video-preview:-1"},"canonical":"https:\/\/www.yorku.ca\/yfile\/2022\/03\/15\/vaccination-mandate-remains-in-place-for-winter-term\/","og_locale":"en_US","og_type":"article","og_title":"Vaccination mandate remains in place for winter term - YFile","og_description":"To keep stability and continuity, 快播视频 will\u00a0maintain its masking requirement\u00a0for all community members until the end of the winter term, including the exam period (April 30).\u00a0 \u00a0","og_url":"https:\/\/www.yorku.ca\/yfile\/2022\/03\/15\/vaccination-mandate-remains-in-place-for-winter-term\/","og_site_name":"YFile","article_published_time":"2022-03-15T20:48:58+00:00","article_modified_time":"2025-04-02T16:11:56+00:00","og_image":[{"width":1800,"height":600,"url":"https:\/\/www.yorku.ca\/yfile\/wp-content\/uploads\/sites\/889\/2021\/10\/yfile-FEATURED-image-shows-students-walking-into-Vari-Hall-on-the-Keele-campus.jpg","type":"image\/jpeg"}],"author":"phalfert","twitter_card":"summary_large_image","twitter_misc":{"Written by":"phalfert","Est. reading time":"3 minutes"},"schema":{"@context":"https:\/\/schema.org","@graph":[{"@type":"Article","@id":"https:\/\/www.yorku.ca\/yfile\/2022\/03\/15\/vaccination-mandate-remains-in-place-for-winter-term\/#article","isPartOf":{"@id":"https:\/\/www.yorku.ca\/yfile\/2022\/03\/15\/vaccination-mandate-remains-in-place-for-winter-term\/"},"author":{"name":"phalfert","@id":"https:\/\/www.yorku.ca\/yfile\/#\/schema\/person\/21f3dffe794363be5ece4ec7f538a0c0"},"headline":"Vaccination mandate remains in place for winter term","datePublished":"2022-03-15T20:48:58+00:00","dateModified":"2025-04-02T16:11:56+00:00","mainEntityOfPage":{"@id":"https:\/\/www.yorku.ca\/yfile\/2022\/03\/15\/vaccination-mandate-remains-in-place-for-winter-term\/"},"wordCount":670,"image":{"@id":"https:\/\/www.yorku.ca\/yfile\/2022\/03\/15\/vaccination-mandate-remains-in-place-for-winter-term\/#primaryimage"},"thumbnailUrl":"https:\/\/www.yorku.ca\/yfile\/wp-content\/uploads\/sites\/889\/2021\/10\/yfile-FEATURED-image-shows-students-walking-into-Vari-Hall-on-the-Keele-campus.jpg","keywords":["Community","COVID19","Faculty","Operations","Staff","Students","YFile"],"articleSection":["Latest News"],"inLanguage":"en-CA","copyrightYear":"2022","copyrightHolder":{"@id":"https:\/\/www.yorku.ca\/yfile\/#organization"}},{"@type":"WebPage","@id":"https:\/\/www.yorku.ca\/yfile\/2022\/03\/15\/vaccination-mandate-remains-in-place-for-winter-term\/","url":"https:\/\/www.yorku.ca\/yfile\/2022\/03\/15\/vaccination-mandate-remains-in-place-for-winter-term\/","name":"Vaccination mandate remains in place for winter term - YFile","isPartOf":{"@id":"https:\/\/www.yorku.ca\/yfile\/#website"},"primaryImageOfPage":{"@id":"https:\/\/www.yorku.ca\/yfile\/2022\/03\/15\/vaccination-mandate-remains-in-place-for-winter-term\/#primaryimage"},"image":{"@id":"https:\/\/www.yorku.ca\/yfile\/2022\/03\/15\/vaccination-mandate-remains-in-place-for-winter-term\/#primaryimage"},"thumbnailUrl":"https:\/\/www.yorku.ca\/yfile\/wp-content\/uploads\/sites\/889\/2021\/10\/yfile-FEATURED-image-shows-students-walking-into-Vari-Hall-on-the-Keele-campus.jpg","datePublished":"2022-03-15T20:48:58+00:00","dateModified":"2025-04-02T16:11:56+00:00","author":{"@id":"https:\/\/www.yorku.ca\/yfile\/#\/schema\/person\/21f3dffe794363be5ece4ec7f538a0c0"},"breadcrumb":{"@id":"https:\/\/www.yorku.ca\/yfile\/2022\/03\/15\/vaccination-mandate-remains-in-place-for-winter-term\/#breadcrumb"},"inLanguage":"en-CA","potentialAction":[{"@type":"ReadAction","target":["https:\/\/www.yorku.ca\/yfile\/2022\/03\/15\/vaccination-mandate-remains-in-place-for-winter-term\/"]}]},{"@type":"ImageObject","inLanguage":"en-CA","@id":"https:\/\/www.yorku.ca\/yfile\/2022\/03\/15\/vaccination-mandate-remains-in-place-for-winter-term\/#primaryimage","url":"https:\/\/www.yorku.ca\/yfile\/wp-content\/uploads\/sites\/889\/2021\/10\/yfile-FEATURED-image-shows-students-walking-into-Vari-Hall-on-the-Keele-campus.jpg","contentUrl":"https:\/\/www.yorku.ca\/yfile\/wp-content\/uploads\/sites\/889\/2021\/10\/yfile-FEATURED-image-shows-students-walking-into-Vari-Hall-on-the-Keele-campus.jpg","width":1800,"height":600,"caption":"yfile FEATURED image shows students walking into Vari Hall on the Keele campus"},{"@type":"BreadcrumbList","@id":"https:\/\/www.yorku.ca\/yfile\/2022\/03\/15\/vaccination-mandate-remains-in-place-for-winter-term\/#breadcrumb","itemListElement":[{"@type":"ListItem","position":1,"name":"Home","item":"https:\/\/www.yorku.ca\/yfile\/"},{"@type":"ListItem","position":2,"name":"Vaccination mandate remains in place for winter term"}]},{"@type":"WebSite","@id":"https:\/\/www.yorku.ca\/yfile\/#website","url":"https:\/\/www.yorku.ca\/yfile\/","name":"YFile","description":"","potentialAction":[{"@type":"SearchAction","target":{"@type":"EntryPoint","urlTemplate":"https:\/\/www.yorku.ca\/yfile\/?s={search_term_string}"},"query-input":{"@type":"PropertyValueSpecification","valueRequired":true,"valueName":"search_term_string"}}],"inLanguage":"en-CA"},{"@type":"Person","@id":"https:\/\/www.yorku.ca\/yfile\/#\/schema\/person\/21f3dffe794363be5ece4ec7f538a0c0","name":"phalfert","image":{"@type":"ImageObject","inLanguage":"en-CA","@id":"https:\/\/secure.gravatar.com\/avatar\/9e3ac8a4ede7f72dd695c074c5291e11739705deae1422de177298d5aad6d559?s=96&d=mm&r=g","url":"https:\/\/secure.gravatar.com\/avatar\/9e3ac8a4ede7f72dd695c074c5291e11739705deae1422de177298d5aad6d559?s=96&d=mm&r=g","contentUrl":"https:\/\/secure.gravatar.com\/avatar\/9e3ac8a4ede7f72dd695c074c5291e11739705deae1422de177298d5aad6d559?s=96&d=mm&r=g","caption":"phalfert"},"url":"https:\/\/www.yorku.ca\/yfile\/author\/phalfert\/"}]}},"taxonomy_info":{"category":[{"value":11,"label":"Latest News"}],"post_tag":[{"value":29,"label":"Community"},{"value":41,"label":"COVID19"},{"value":6,"label":"Faculty"},{"value":79,"label":"Operations"},{"value":27,"label":"Staff"},{"value":12,"label":"Students"},{"value":4,"label":"YFile"}],"tags-to-show":[{"value":145,"label":"Community"},{"value":208,"label":"COVID19"},{"value":147,"label":"Faculty"},{"value":148,"label":"Staff"},{"value":146,"label":"Students"}]},"featured_image_src_large":["https:\/\/www.yorku.ca\/yfile\/wp-content\/uploads\/sites\/889\/2021\/10\/yfile-FEATURED-image-shows-students-walking-into-Vari-Hall-on-the-Keele-campus-1024x341.jpg",1024,341,true],"author_info":{"display_name":"phalfert","author_link":"https:\/\/www.yorku.ca\/yfile\/author\/phalfert\/"},"comment_info":0,"category_info":[{"term_id":11,"name":"Latest News","slug":"latest-news","term_group":0,"term_taxonomy_id":11,"taxonomy":"category","description":"","parent":0,"count":12677,"filter":"raw","cat_ID":11,"category_count":12677,"category_description":"","cat_name":"Latest News","category_nicename":"latest-news","category_parent":0}],"tag_info":[{"term_id":29,"name":"Community","slug":"community","term_group":0,"term_taxonomy_id":29,"taxonomy":"post_tag","description":"","parent":0,"count":966,"filter":"raw"},{"term_id":41,"name":"COVID19","slug":"covid19","term_group":0,"term_taxonomy_id":41,"taxonomy":"post_tag","description":"","parent":0,"count":66,"filter":"raw"},{"term_id":6,"name":"Faculty","slug":"faculty","term_group":0,"term_taxonomy_id":6,"taxonomy":"post_tag","description":"","parent":0,"count":2009,"filter":"raw"},{"term_id":79,"name":"Operations","slug":"operations","term_group":0,"term_taxonomy_id":79,"taxonomy":"post_tag","description":"","parent":0,"count":94,"filter":"raw"},{"term_id":27,"name":"Staff","slug":"staff","term_group":0,"term_taxonomy_id":27,"taxonomy":"post_tag","description":"","parent":0,"count":597,"filter":"raw"},{"term_id":12,"name":"Students","slug":"students","term_group":0,"term_taxonomy_id":12,"taxonomy":"post_tag","description":"","parent":0,"count":1639,"filter":"raw"},{"term_id":4,"name":"YFile","slug":"yfile","term_group":0,"term_taxonomy_id":4,"taxonomy":"post_tag","description":"","parent":0,"count":5305,"filter":"raw"}],"_links":{"self":[{"href":"https:\/\/www.yorku.ca\/yfile\/wp-json\/wp\/v2\/posts\/302041","targetHints":{"allow":["GET"]}}],"collection":[{"href":"https:\/\/www.yorku.ca\/yfile\/wp-json\/wp\/v2\/posts"}],"about":[{"href":"https:\/\/www.yorku.ca\/yfile\/wp-json\/wp\/v2\/types\/post"}],"author":[{"embeddable":true,"href":"https:\/\/www.yorku.ca\/yfile\/wp-json\/wp\/v2\/users\/5"}],"replies":[{"embeddable":true,"href":"https:\/\/www.yorku.ca\/yfile\/wp-json\/wp\/v2\/comments?post=302041"}],"version-history":[{"count":1,"href":"https:\/\/www.yorku.ca\/yfile\/wp-json\/wp\/v2\/posts\/302041\/revisions"}],"predecessor-version":[{"id":391321,"href":"https:\/\/www.yorku.ca\/yfile\/wp-json\/wp\/v2\/posts\/302041\/revisions\/391321"}],"wp:featuredmedia":[{"embeddable":true,"href":"https:\/\/www.yorku.ca\/yfile\/wp-json\/wp\/v2\/media\/294903"}],"wp:attachment":[{"href":"https:\/\/www.yorku.ca\/yfile\/wp-json\/wp\/v2\/media?parent=302041"}],"wp:term":[{"taxonomy":"category","embeddable":true,"href":"https:\/\/www.yorku.ca\/yfile\/wp-json\/wp\/v2\/categories?post=302041"},{"taxonomy":"post_tag","embeddable":true,"href":"https:\/\/www.yorku.ca\/yfile\/wp-json\/wp\/v2\/tags?post=302041"},{"taxonomy":"yfileauthor","embeddable":true,"href":"https:\/\/www.yorku.ca\/yfile\/wp-json\/wp\/v2\/yfileauthor?post=302041"},{"taxonomy":"qualifier","embeddable":true,"href":"https:\/\/www.yorku.ca\/yfile\/wp-json\/wp\/v2\/qualifier?post=302041"},{"taxonomy":"yfile-author","embeddable":true,"href":"https:\/\/www.yorku.ca\/yfile\/wp-json\/wp\/v2\/yfile-author?post=302041"},{"taxonomy":"tags-to-show","embeddable":true,"href":"https:\/\/www.yorku.ca\/yfile\/wp-json\/wp\/v2\/tags-to-show?post=302041"},{"taxonomy":"workflow","embeddable":true,"href":"https:\/\/www.yorku.ca\/yfile\/wp-json\/wp\/v2\/workflow?post=302041"}],"curies":[{"name":"wp","href":"https:\/\/api.w.org\/{rel}","templated":true}]}}