  {"id":301122,"date":"2022-03-01T15:40:42","date_gmt":"2022-03-01T20:40:42","guid":{"rendered":"https:\/\/yfile.news.yorku.ca\/?p=301122"},"modified":"2025-04-02T12:11:11","modified_gmt":"2025-04-02T16:11:11","slug":"reminder-vaccination-mandate-remains-in-place","status":"publish","type":"post","link":"https:\/\/www.yorku.ca\/yfile\/2022\/03\/01\/reminder-vaccination-mandate-remains-in-place\/","title":{"rendered":"Reminder: vaccination mandate remains in place"},"content":{"rendered":"\n<p><em>La version fran\u00e7aise suit la version anglaise.<\/em><em>&nbsp;<\/em><\/p>\n\n\n\n<p>Dear York community,&nbsp;<br>Further to my&nbsp;<a rel=\"noreferrer noopener\" href=\"https:\/\/www.yorku.ca\/bettertogether\/2022\/02\/17\/community-update-regarding-yorks-health-and-safety-measures\/\" target=\"_blank\">Feb. 17<\/a>&nbsp;message and in alignment with other&nbsp;<a rel=\"noreferrer noopener\" href=\"https:\/\/ontariosuniversities.ca\/cou-statement-covid-19-vaccination-policies\" target=\"_blank\">Ontario<\/a>&nbsp;post-secondary education institutions, I write today to remind all community members that the University\u2019s&nbsp;<a rel=\"noreferrer noopener\" href=\"https:\/\/www.yorku.ca\/secretariat\/policies\/policies\/covid-19-vaccination-mandate\/\" target=\"_blank\">Vaccination Mandate policy<\/a>&nbsp;remains in place for the Winter term 2022.<\/p>\n\n\n\n<p>In addition, a reminder that:<\/p>\n\n\n\n<ul class=\"wp-block-list\">\n<li><strong>YU Screen<\/strong>&nbsp;must be&nbsp;<a href=\"https:\/\/yorku.ubixhealth.com\/login\" target=\"_blank\" rel=\"noreferrer noopener\"><strong>filled out daily<\/strong><\/a>&nbsp;prior to attending campus. Please be prepared to show your YU Screen clearance upon request while on campus.&nbsp;<\/li>\n\n\n\n<li><strong>Vaccination is&nbsp;<\/strong><a href=\"https:\/\/www.yorku.ca\/secretariat\/policies\/policies\/covid-19-vaccination-mandate\/\" target=\"_blank\" rel=\"noreferrer noopener\"><strong>required<\/strong><\/a><strong>.&nbsp;<\/strong>York adheres to the direction provided by the province regarding the definition of fully vaccinated and we continue to strongly encourage all community members to get their third dose and to retain their records for upload to YU Screen.&nbsp;<\/li>\n\n\n\n<li><strong>Masks are<\/strong><strong>&nbsp;<\/strong><a href=\"https:\/\/www.yorku.ca\/bettertogether\/masks\/\" target=\"_blank\" rel=\"noreferrer noopener\"><strong>mandatory<\/strong><\/a>&nbsp;at York.&nbsp;&nbsp;<\/li>\n\n\n\n<li><strong>Eating spaces have new rules<\/strong>. Please find updated information and guidelines&nbsp;<a href=\"https:\/\/www.yorku.ca\/ancillary\/indoor-dining-spaces\/\" target=\"_blank\" rel=\"noreferrer noopener\"><strong>here<\/strong><\/a>.&nbsp;<\/li>\n\n\n\n<li>Information about York\u2019s&nbsp;<strong>testing program<\/strong>&nbsp;can be found&nbsp;<a href=\"https:\/\/www.yorku.ca\/bettertogether\/rapid-testing\/\" target=\"_blank\" rel=\"noreferrer noopener\"><strong>here<\/strong><\/a>.<\/li>\n<\/ul>\n\n\n\n<p>We are carefully reviewing evolving government and public health guidance as part of our decision-making for the summer term and beyond, and we will share additional information as soon as possible.<\/p>\n\n\n\n<p>Please continue to check the&nbsp;<a rel=\"noreferrer noopener\" href=\"https:\/\/www.yorku.ca\/bettertogether\/\" target=\"_blank\">YU Better Together<\/a>&nbsp;website for the most current information and ongoing updates.&nbsp;<\/p>\n\n\n\n<p>Sincerely,&nbsp;<\/p>\n\n\n\n<p><strong>Parissa Safai, PhD&nbsp;<br>Special Advisor to the President for Academic Continuity Planning and COVID-19 Response&nbsp;<\/strong><\/p>\n\n\n\n<hr class=\"wp-block-separator has-css-opacity\"\/>\n\n\n\n<h2 class=\"wp-block-heading\" id=\"rappel-la-politique-de-vaccination-reste-en-vigueur\">Rappel :La politique de vaccination reste en vigueur<\/h2>\n\n\n\n<p>Ch\u00e8re communaut\u00e9 de York,&nbsp;<\/p>\n\n\n\n<p>Pour faire suite \u00e0 mon&nbsp;<a href=\"https:\/\/www.yorku.ca\/bettertogether\/2022\/02\/17\/mise-a-jour-a-la-communaute-concernant-les-mesures-de-sante-et-de-securite-de-york\/?lang=fr\" target=\"_blank\" rel=\"noreferrer noopener\">message du 17&nbsp;f\u00e9vrier<\/a>&nbsp;et en accord avec les autres&nbsp;<a href=\"https:\/\/ontariosuniversities.ca\/cou-statement-covid-19-vaccination-policies\" target=\"_blank\" rel=\"noreferrer noopener\">\u00e9tablissements d\u2019enseignement postsecondaire de l\u2019Ontario<\/a>, je vous \u00e9cris aujourd\u2019hui pour rappeler \u00e0 tous les membres de la communaut\u00e9 que la&nbsp;<a href=\"https:\/\/www.yorku.ca\/bettertogether\/wp-content\/uploads\/sites\/299\/2021\/09\/York-University-COVID-19-Vaccination-Mandate-Sept-01-2021-FR.pdf\" target=\"_blank\" rel=\"noreferrer noopener\">Politique de vaccination obligatoire<\/a>&nbsp;de l\u2019Universit\u00e9 demeure en vigueur pour le trimestre d\u2019hiver&nbsp;2022.<\/p>\n\n\n\n<p>De plus, nous vous rappelons que&nbsp;:<\/p>\n\n\n\n<ul class=\"wp-block-list\">\n<li><strong>YU D\u00e9pistage<\/strong>&nbsp;doit \u00eatre&nbsp;<a href=\"https:\/\/yorku.ubixhealth.com\/login\" target=\"_blank\" rel=\"noreferrer noopener\"><strong>effectu\u00e9 quotidiennement<\/strong>,<\/a>&nbsp;avant de se rendre sur les campus. Pr\u00e9parez-vous \u00e0 montrer votre autorisation dans YU D\u00e9pistage si on vous en fait la demande durant votre s\u00e9jour sur les campus.&nbsp;<\/li>\n\n\n\n<li><strong>La vaccination est<\/strong><strong>&nbsp;<\/strong><a href=\"https:\/\/www.yorku.ca\/bettertogether\/wp-content\/uploads\/sites\/299\/2021\/09\/York-University-COVID-19-Vaccination-Mandate-Sept-01-2021-FR.pdf\" target=\"_blank\" rel=\"noreferrer noopener\"><strong>obligatoire<\/strong><\/a><a href=\"https:\/\/www.yorku.ca\/secretariat\/policies\/policies\/covid-19-vaccination-mandate\/\" target=\"_blank\" rel=\"noreferrer noopener\"><strong>.<\/strong><strong>&nbsp;<\/strong><\/a>York adh\u00e8re aux directives fournies par la province concernant la d\u00e9finition d\u2019une vaccination compl\u00e8te et nous continuons \u00e0 encourager vivement tous les membres de sa communaut\u00e9 \u00e0 recevoir leur troisi\u00e8me dose et \u00e0 conserver leurs re\u00e7us pour les t\u00e9l\u00e9verser dans YU D\u00e9pistage.&nbsp;&nbsp;<\/li>\n\n\n\n<li><strong>Le port du masque est<\/strong><strong>&nbsp;<\/strong><a href=\"https:\/\/www.yorku.ca\/bettertogether\/masques\/?lang=fr\" target=\"_blank\" rel=\"noreferrer noopener\"><strong>obligatoire<\/strong><\/a>&nbsp;\u00e0 York.&nbsp;&nbsp;<\/li>\n\n\n\n<li><strong>Il existe de nouvelles r\u00e8gles dans les zones de restauration.<\/strong>&nbsp;Vous trouverez les informations et les directives les plus \u00e0 jour&nbsp;<a href=\"https:\/\/www.yorku.ca\/ancillary\/indoor-dining-spaces\/\" target=\"_blank\" rel=\"noreferrer noopener\">ici.<\/a>&nbsp;<\/li>\n\n\n\n<li>Vous pouvez trouver plus d\u2019informations sur le programme de d\u00e9pistage de York&nbsp;<a href=\"https:\/\/www.yorku.ca\/bettertogether\/programme-de-depistage-rapide-des-antigenes\/?lang=fr\" target=\"_blank\" rel=\"noreferrer noopener\">ici<\/a>.<\/li>\n<\/ul>\n\n\n\n<p>Nous examinons attentivement l\u2019\u00e9volution des directives du gouvernement et de la sant\u00e9 publique dans le cadre de notre prise de d\u00e9cisions pour le trimestre d\u2019\u00e9t\u00e9 et au-del\u00e0. Nous transmettrons ces informations d\u00e8s que possible.<\/p>\n\n\n\n<p>Veuillez continuer \u00e0 consulter le site Web&nbsp;<a href=\"https:\/\/www.yorku.ca\/bettertogether\/?lang=fr\" target=\"_blank\" rel=\"noreferrer noopener\">Mieux ensemble<\/a>&nbsp;pour obtenir les informations et les mises \u00e0 jour les plus r\u00e9centes.&nbsp;<\/p>\n\n\n\n<p>Sinc\u00e8res salutations,&nbsp;<\/p>\n\n\n\n<p><strong>Parissa Safai, Ph.&nbsp;D.<br>Conseill\u00e8re sp\u00e9ciale de la pr\u00e9sidente pour la planification de la continuit\u00e9 acad\u00e9mique et la r\u00e9ponse \u00e0 la COVID-19<\/strong><\/p>\n","protected":false},"excerpt":{"rendered":"<p>In alignment with other Ontario post-secondary institutions, 快播视频's Vaccination Mandate policy remains in place for the Winter term 2022.<\/p>\n","protected":false},"author":5,"featured_media":292683,"comment_status":"closed","ping_status":"closed","sticky":false,"template":"","format":"standard","meta":{"_acf_changed":false,"_kad_blocks_custom_css":"","_kad_blocks_head_custom_js":"","_kad_blocks_body_custom_js":"","_kad_blocks_footer_custom_js":"","footnotes":""},"categories":[25],"tags":[29,41,6,79,27,12,4],"yfileauthor":[],"qualifier":[],"yfile-author":[],"tags-to-show":[145,208,147,148,146],"workflow":[],"class_list":["post-301122","post","type-post","status-publish","format-standard","has-post-thumbnail","hentry","category-editors-picks","tag-community","tag-covid19","tag-faculty","tag-operations","tag-staff","tag-students","tag-yfile","tags-to-show-community","tags-to-show-covid19","tags-to-show-faculty","tags-to-show-staff","tags-to-show-students"],"acf":{"internal_publish_date":null,"original_image":null},"yoast_head":"<!-- This site is optimized with the Yoast SEO plugin v27.4 - https:\/\/yoast.com\/product\/yoast-seo-wordpress\/ -->\n<title>Reminder: vaccination mandate remains in place - YFile<\/title>\n<meta name=\"robots\" content=\"index, follow, max-snippet:-1, max-image-preview:large, max-video-preview:-1\" \/>\n<link rel=\"canonical\" href=\"https:\/\/www.yorku.ca\/yfile\/2022\/03\/01\/reminder-vaccination-mandate-remains-in-place\/\" \/>\n<meta property=\"og:locale\" content=\"en_US\" \/>\n<meta property=\"og:type\" content=\"article\" \/>\n<meta property=\"og:title\" content=\"Reminder: vaccination mandate remains in place - YFile\" \/>\n<meta property=\"og:description\" content=\"In alignment with other Ontario post-secondary institutions, 快播视频&#039;s Vaccination Mandate policy remains in place for the Winter term 2022.\" \/>\n<meta property=\"og:url\" content=\"https:\/\/www.yorku.ca\/yfile\/2022\/03\/01\/reminder-vaccination-mandate-remains-in-place\/\" \/>\n<meta property=\"og:site_name\" content=\"YFile\" \/>\n<meta property=\"article:published_time\" content=\"2022-03-01T20:40:42+00:00\" \/>\n<meta property=\"article:modified_time\" content=\"2025-04-02T16:11:11+00:00\" \/>\n<meta property=\"og:image\" content=\"https:\/\/www.yorku.ca\/yfile\/wp-content\/uploads\/sites\/889\/2021\/09\/YFile-Featured-image-COVID19-vaccines.jpg\" \/>\n\t<meta property=\"og:image:width\" content=\"1800\" \/>\n\t<meta property=\"og:image:height\" content=\"600\" \/>\n\t<meta property=\"og:image:type\" content=\"image\/jpeg\" \/>\n<meta name=\"author\" content=\"phalfert\" \/>\n<meta name=\"twitter:card\" content=\"summary_large_image\" \/>\n<meta name=\"twitter:label1\" content=\"Written by\" \/>\n\t<meta name=\"twitter:data1\" content=\"phalfert\" \/>\n\t<meta name=\"twitter:label2\" content=\"Est. reading time\" \/>\n\t<meta name=\"twitter:data2\" content=\"3 minutes\" \/>\n<script type=\"application\/ld+json\" class=\"yoast-schema-graph\">{\"@context\":\"https:\\\/\\\/schema.org\",\"@graph\":[{\"@type\":\"Article\",\"@id\":\"https:\\\/\\\/www.yorku.ca\\\/yfile\\\/2022\\\/03\\\/01\\\/reminder-vaccination-mandate-remains-in-place\\\/#article\",\"isPartOf\":{\"@id\":\"https:\\\/\\\/www.yorku.ca\\\/yfile\\\/2022\\\/03\\\/01\\\/reminder-vaccination-mandate-remains-in-place\\\/\"},\"author\":{\"name\":\"phalfert\",\"@id\":\"https:\\\/\\\/www.yorku.ca\\\/yfile\\\/#\\\/schema\\\/person\\\/21f3dffe794363be5ece4ec7f538a0c0\"},\"headline\":\"Reminder: vaccination mandate remains in place\",\"datePublished\":\"2022-03-01T20:40:42+00:00\",\"dateModified\":\"2025-04-02T16:11:11+00:00\",\"mainEntityOfPage\":{\"@id\":\"https:\\\/\\\/www.yorku.ca\\\/yfile\\\/2022\\\/03\\\/01\\\/reminder-vaccination-mandate-remains-in-place\\\/\"},\"wordCount\":566,\"image\":{\"@id\":\"https:\\\/\\\/www.yorku.ca\\\/yfile\\\/2022\\\/03\\\/01\\\/reminder-vaccination-mandate-remains-in-place\\\/#primaryimage\"},\"thumbnailUrl\":\"https:\\\/\\\/www.yorku.ca\\\/yfile\\\/wp-content\\\/uploads\\\/sites\\\/889\\\/2021\\\/09\\\/YFile-Featured-image-COVID19-vaccines.jpg\",\"keywords\":[\"Community\",\"COVID19\",\"Faculty\",\"Operations\",\"Staff\",\"Students\",\"YFile\"],\"articleSection\":[\"Editor's Picks\"],\"inLanguage\":\"en-CA\",\"copyrightYear\":\"2022\",\"copyrightHolder\":{\"@id\":\"https:\\\/\\\/www.yorku.ca\\\/yfile\\\/#organization\"}},{\"@type\":\"WebPage\",\"@id\":\"https:\\\/\\\/www.yorku.ca\\\/yfile\\\/2022\\\/03\\\/01\\\/reminder-vaccination-mandate-remains-in-place\\\/\",\"url\":\"https:\\\/\\\/www.yorku.ca\\\/yfile\\\/2022\\\/03\\\/01\\\/reminder-vaccination-mandate-remains-in-place\\\/\",\"name\":\"Reminder: vaccination mandate remains in place - YFile\",\"isPartOf\":{\"@id\":\"https:\\\/\\\/www.yorku.ca\\\/yfile\\\/#website\"},\"primaryImageOfPage\":{\"@id\":\"https:\\\/\\\/www.yorku.ca\\\/yfile\\\/2022\\\/03\\\/01\\\/reminder-vaccination-mandate-remains-in-place\\\/#primaryimage\"},\"image\":{\"@id\":\"https:\\\/\\\/www.yorku.ca\\\/yfile\\\/2022\\\/03\\\/01\\\/reminder-vaccination-mandate-remains-in-place\\\/#primaryimage\"},\"thumbnailUrl\":\"https:\\\/\\\/www.yorku.ca\\\/yfile\\\/wp-content\\\/uploads\\\/sites\\\/889\\\/2021\\\/09\\\/YFile-Featured-image-COVID19-vaccines.jpg\",\"datePublished\":\"2022-03-01T20:40:42+00:00\",\"dateModified\":\"2025-04-02T16:11:11+00:00\",\"author\":{\"@id\":\"https:\\\/\\\/www.yorku.ca\\\/yfile\\\/#\\\/schema\\\/person\\\/21f3dffe794363be5ece4ec7f538a0c0\"},\"breadcrumb\":{\"@id\":\"https:\\\/\\\/www.yorku.ca\\\/yfile\\\/2022\\\/03\\\/01\\\/reminder-vaccination-mandate-remains-in-place\\\/#breadcrumb\"},\"inLanguage\":\"en-CA\",\"potentialAction\":[{\"@type\":\"ReadAction\",\"target\":[\"https:\\\/\\\/www.yorku.ca\\\/yfile\\\/2022\\\/03\\\/01\\\/reminder-vaccination-mandate-remains-in-place\\\/\"]}]},{\"@type\":\"ImageObject\",\"inLanguage\":\"en-CA\",\"@id\":\"https:\\\/\\\/www.yorku.ca\\\/yfile\\\/2022\\\/03\\\/01\\\/reminder-vaccination-mandate-remains-in-place\\\/#primaryimage\",\"url\":\"https:\\\/\\\/www.yorku.ca\\\/yfile\\\/wp-content\\\/uploads\\\/sites\\\/889\\\/2021\\\/09\\\/YFile-Featured-image-COVID19-vaccines.jpg\",\"contentUrl\":\"https:\\\/\\\/www.yorku.ca\\\/yfile\\\/wp-content\\\/uploads\\\/sites\\\/889\\\/2021\\\/09\\\/YFile-Featured-image-COVID19-vaccines.jpg\",\"width\":1800,\"height\":600,\"caption\":\"Photo by Daniel Schludi on Unsplash\"},{\"@type\":\"BreadcrumbList\",\"@id\":\"https:\\\/\\\/www.yorku.ca\\\/yfile\\\/2022\\\/03\\\/01\\\/reminder-vaccination-mandate-remains-in-place\\\/#breadcrumb\",\"itemListElement\":[{\"@type\":\"ListItem\",\"position\":1,\"name\":\"Home\",\"item\":\"https:\\\/\\\/www.yorku.ca\\\/yfile\\\/\"},{\"@type\":\"ListItem\",\"position\":2,\"name\":\"Reminder: vaccination mandate remains in place\"}]},{\"@type\":\"WebSite\",\"@id\":\"https:\\\/\\\/www.yorku.ca\\\/yfile\\\/#website\",\"url\":\"https:\\\/\\\/www.yorku.ca\\\/yfile\\\/\",\"name\":\"YFile\",\"description\":\"\",\"potentialAction\":[{\"@type\":\"SearchAction\",\"target\":{\"@type\":\"EntryPoint\",\"urlTemplate\":\"https:\\\/\\\/www.yorku.ca\\\/yfile\\\/?s={search_term_string}\"},\"query-input\":{\"@type\":\"PropertyValueSpecification\",\"valueRequired\":true,\"valueName\":\"search_term_string\"}}],\"inLanguage\":\"en-CA\"},{\"@type\":\"Person\",\"@id\":\"https:\\\/\\\/www.yorku.ca\\\/yfile\\\/#\\\/schema\\\/person\\\/21f3dffe794363be5ece4ec7f538a0c0\",\"name\":\"phalfert\",\"image\":{\"@type\":\"ImageObject\",\"inLanguage\":\"en-CA\",\"@id\":\"https:\\\/\\\/secure.gravatar.com\\\/avatar\\\/9e3ac8a4ede7f72dd695c074c5291e11739705deae1422de177298d5aad6d559?s=96&d=mm&r=g\",\"url\":\"https:\\\/\\\/secure.gravatar.com\\\/avatar\\\/9e3ac8a4ede7f72dd695c074c5291e11739705deae1422de177298d5aad6d559?s=96&d=mm&r=g\",\"contentUrl\":\"https:\\\/\\\/secure.gravatar.com\\\/avatar\\\/9e3ac8a4ede7f72dd695c074c5291e11739705deae1422de177298d5aad6d559?s=96&d=mm&r=g\",\"caption\":\"phalfert\"},\"url\":\"https:\\\/\\\/www.yorku.ca\\\/yfile\\\/author\\\/phalfert\\\/\"}]}<\/script>\n<!-- \/ Yoast SEO plugin. -->","yoast_head_json":{"title":"Reminder: vaccination mandate remains in place - YFile","robots":{"index":"index","follow":"follow","max-snippet":"max-snippet:-1","max-image-preview":"max-image-preview:large","max-video-preview":"max-video-preview:-1"},"canonical":"https:\/\/www.yorku.ca\/yfile\/2022\/03\/01\/reminder-vaccination-mandate-remains-in-place\/","og_locale":"en_US","og_type":"article","og_title":"Reminder: vaccination mandate remains in place - YFile","og_description":"In alignment with other Ontario post-secondary institutions, 快播视频's Vaccination Mandate policy remains in place for the Winter term 2022.","og_url":"https:\/\/www.yorku.ca\/yfile\/2022\/03\/01\/reminder-vaccination-mandate-remains-in-place\/","og_site_name":"YFile","article_published_time":"2022-03-01T20:40:42+00:00","article_modified_time":"2025-04-02T16:11:11+00:00","og_image":[{"width":1800,"height":600,"url":"https:\/\/www.yorku.ca\/yfile\/wp-content\/uploads\/sites\/889\/2021\/09\/YFile-Featured-image-COVID19-vaccines.jpg","type":"image\/jpeg"}],"author":"phalfert","twitter_card":"summary_large_image","twitter_misc":{"Written by":"phalfert","Est. reading time":"3 minutes"},"schema":{"@context":"https:\/\/schema.org","@graph":[{"@type":"Article","@id":"https:\/\/www.yorku.ca\/yfile\/2022\/03\/01\/reminder-vaccination-mandate-remains-in-place\/#article","isPartOf":{"@id":"https:\/\/www.yorku.ca\/yfile\/2022\/03\/01\/reminder-vaccination-mandate-remains-in-place\/"},"author":{"name":"phalfert","@id":"https:\/\/www.yorku.ca\/yfile\/#\/schema\/person\/21f3dffe794363be5ece4ec7f538a0c0"},"headline":"Reminder: vaccination mandate remains in place","datePublished":"2022-03-01T20:40:42+00:00","dateModified":"2025-04-02T16:11:11+00:00","mainEntityOfPage":{"@id":"https:\/\/www.yorku.ca\/yfile\/2022\/03\/01\/reminder-vaccination-mandate-remains-in-place\/"},"wordCount":566,"image":{"@id":"https:\/\/www.yorku.ca\/yfile\/2022\/03\/01\/reminder-vaccination-mandate-remains-in-place\/#primaryimage"},"thumbnailUrl":"https:\/\/www.yorku.ca\/yfile\/wp-content\/uploads\/sites\/889\/2021\/09\/YFile-Featured-image-COVID19-vaccines.jpg","keywords":["Community","COVID19","Faculty","Operations","Staff","Students","YFile"],"articleSection":["Editor's Picks"],"inLanguage":"en-CA","copyrightYear":"2022","copyrightHolder":{"@id":"https:\/\/www.yorku.ca\/yfile\/#organization"}},{"@type":"WebPage","@id":"https:\/\/www.yorku.ca\/yfile\/2022\/03\/01\/reminder-vaccination-mandate-remains-in-place\/","url":"https:\/\/www.yorku.ca\/yfile\/2022\/03\/01\/reminder-vaccination-mandate-remains-in-place\/","name":"Reminder: vaccination mandate remains in place - YFile","isPartOf":{"@id":"https:\/\/www.yorku.ca\/yfile\/#website"},"primaryImageOfPage":{"@id":"https:\/\/www.yorku.ca\/yfile\/2022\/03\/01\/reminder-vaccination-mandate-remains-in-place\/#primaryimage"},"image":{"@id":"https:\/\/www.yorku.ca\/yfile\/2022\/03\/01\/reminder-vaccination-mandate-remains-in-place\/#primaryimage"},"thumbnailUrl":"https:\/\/www.yorku.ca\/yfile\/wp-content\/uploads\/sites\/889\/2021\/09\/YFile-Featured-image-COVID19-vaccines.jpg","datePublished":"2022-03-01T20:40:42+00:00","dateModified":"2025-04-02T16:11:11+00:00","author":{"@id":"https:\/\/www.yorku.ca\/yfile\/#\/schema\/person\/21f3dffe794363be5ece4ec7f538a0c0"},"breadcrumb":{"@id":"https:\/\/www.yorku.ca\/yfile\/2022\/03\/01\/reminder-vaccination-mandate-remains-in-place\/#breadcrumb"},"inLanguage":"en-CA","potentialAction":[{"@type":"ReadAction","target":["https:\/\/www.yorku.ca\/yfile\/2022\/03\/01\/reminder-vaccination-mandate-remains-in-place\/"]}]},{"@type":"ImageObject","inLanguage":"en-CA","@id":"https:\/\/www.yorku.ca\/yfile\/2022\/03\/01\/reminder-vaccination-mandate-remains-in-place\/#primaryimage","url":"https:\/\/www.yorku.ca\/yfile\/wp-content\/uploads\/sites\/889\/2021\/09\/YFile-Featured-image-COVID19-vaccines.jpg","contentUrl":"https:\/\/www.yorku.ca\/yfile\/wp-content\/uploads\/sites\/889\/2021\/09\/YFile-Featured-image-COVID19-vaccines.jpg","width":1800,"height":600,"caption":"Photo by Daniel Schludi on Unsplash"},{"@type":"BreadcrumbList","@id":"https:\/\/www.yorku.ca\/yfile\/2022\/03\/01\/reminder-vaccination-mandate-remains-in-place\/#breadcrumb","itemListElement":[{"@type":"ListItem","position":1,"name":"Home","item":"https:\/\/www.yorku.ca\/yfile\/"},{"@type":"ListItem","position":2,"name":"Reminder: vaccination mandate remains in place"}]},{"@type":"WebSite","@id":"https:\/\/www.yorku.ca\/yfile\/#website","url":"https:\/\/www.yorku.ca\/yfile\/","name":"YFile","description":"","potentialAction":[{"@type":"SearchAction","target":{"@type":"EntryPoint","urlTemplate":"https:\/\/www.yorku.ca\/yfile\/?s={search_term_string}"},"query-input":{"@type":"PropertyValueSpecification","valueRequired":true,"valueName":"search_term_string"}}],"inLanguage":"en-CA"},{"@type":"Person","@id":"https:\/\/www.yorku.ca\/yfile\/#\/schema\/person\/21f3dffe794363be5ece4ec7f538a0c0","name":"phalfert","image":{"@type":"ImageObject","inLanguage":"en-CA","@id":"https:\/\/secure.gravatar.com\/avatar\/9e3ac8a4ede7f72dd695c074c5291e11739705deae1422de177298d5aad6d559?s=96&d=mm&r=g","url":"https:\/\/secure.gravatar.com\/avatar\/9e3ac8a4ede7f72dd695c074c5291e11739705deae1422de177298d5aad6d559?s=96&d=mm&r=g","contentUrl":"https:\/\/secure.gravatar.com\/avatar\/9e3ac8a4ede7f72dd695c074c5291e11739705deae1422de177298d5aad6d559?s=96&d=mm&r=g","caption":"phalfert"},"url":"https:\/\/www.yorku.ca\/yfile\/author\/phalfert\/"}]}},"taxonomy_info":{"category":[{"value":25,"label":"Editor's Picks"}],"post_tag":[{"value":29,"label":"Community"},{"value":41,"label":"COVID19"},{"value":6,"label":"Faculty"},{"value":79,"label":"Operations"},{"value":27,"label":"Staff"},{"value":12,"label":"Students"},{"value":4,"label":"YFile"}],"tags-to-show":[{"value":145,"label":"Community"},{"value":208,"label":"COVID19"},{"value":147,"label":"Faculty"},{"value":148,"label":"Staff"},{"value":146,"label":"Students"}]},"featured_image_src_large":["https:\/\/www.yorku.ca\/yfile\/wp-content\/uploads\/sites\/889\/2021\/09\/YFile-Featured-image-COVID19-vaccines-1024x341.jpg",1024,341,true],"author_info":{"display_name":"phalfert","author_link":"https:\/\/www.yorku.ca\/yfile\/author\/phalfert\/"},"comment_info":0,"category_info":[{"term_id":25,"name":"Editor's Picks","slug":"editors-picks","term_group":0,"term_taxonomy_id":25,"taxonomy":"category","description":"","parent":0,"count":6269,"filter":"raw","cat_ID":25,"category_count":6269,"category_description":"","cat_name":"Editor's Picks","category_nicename":"editors-picks","category_parent":0}],"tag_info":[{"term_id":29,"name":"Community","slug":"community","term_group":0,"term_taxonomy_id":29,"taxonomy":"post_tag","description":"","parent":0,"count":966,"filter":"raw"},{"term_id":41,"name":"COVID19","slug":"covid19","term_group":0,"term_taxonomy_id":41,"taxonomy":"post_tag","description":"","parent":0,"count":66,"filter":"raw"},{"term_id":6,"name":"Faculty","slug":"faculty","term_group":0,"term_taxonomy_id":6,"taxonomy":"post_tag","description":"","parent":0,"count":2013,"filter":"raw"},{"term_id":79,"name":"Operations","slug":"operations","term_group":0,"term_taxonomy_id":79,"taxonomy":"post_tag","description":"","parent":0,"count":94,"filter":"raw"},{"term_id":27,"name":"Staff","slug":"staff","term_group":0,"term_taxonomy_id":27,"taxonomy":"post_tag","description":"","parent":0,"count":600,"filter":"raw"},{"term_id":12,"name":"Students","slug":"students","term_group":0,"term_taxonomy_id":12,"taxonomy":"post_tag","description":"","parent":0,"count":1642,"filter":"raw"},{"term_id":4,"name":"YFile","slug":"yfile","term_group":0,"term_taxonomy_id":4,"taxonomy":"post_tag","description":"","parent":0,"count":5314,"filter":"raw"}],"_links":{"self":[{"href":"https:\/\/www.yorku.ca\/yfile\/wp-json\/wp\/v2\/posts\/301122","targetHints":{"allow":["GET"]}}],"collection":[{"href":"https:\/\/www.yorku.ca\/yfile\/wp-json\/wp\/v2\/posts"}],"about":[{"href":"https:\/\/www.yorku.ca\/yfile\/wp-json\/wp\/v2\/types\/post"}],"author":[{"embeddable":true,"href":"https:\/\/www.yorku.ca\/yfile\/wp-json\/wp\/v2\/users\/5"}],"replies":[{"embeddable":true,"href":"https:\/\/www.yorku.ca\/yfile\/wp-json\/wp\/v2\/comments?post=301122"}],"version-history":[{"count":1,"href":"https:\/\/www.yorku.ca\/yfile\/wp-json\/wp\/v2\/posts\/301122\/revisions"}],"predecessor-version":[{"id":391257,"href":"https:\/\/www.yorku.ca\/yfile\/wp-json\/wp\/v2\/posts\/301122\/revisions\/391257"}],"wp:featuredmedia":[{"embeddable":true,"href":"https:\/\/www.yorku.ca\/yfile\/wp-json\/wp\/v2\/media\/292683"}],"wp:attachment":[{"href":"https:\/\/www.yorku.ca\/yfile\/wp-json\/wp\/v2\/media?parent=301122"}],"wp:term":[{"taxonomy":"category","embeddable":true,"href":"https:\/\/www.yorku.ca\/yfile\/wp-json\/wp\/v2\/categories?post=301122"},{"taxonomy":"post_tag","embeddable":true,"href":"https:\/\/www.yorku.ca\/yfile\/wp-json\/wp\/v2\/tags?post=301122"},{"taxonomy":"yfileauthor","embeddable":true,"href":"https:\/\/www.yorku.ca\/yfile\/wp-json\/wp\/v2\/yfileauthor?post=301122"},{"taxonomy":"qualifier","embeddable":true,"href":"https:\/\/www.yorku.ca\/yfile\/wp-json\/wp\/v2\/qualifier?post=301122"},{"taxonomy":"yfile-author","embeddable":true,"href":"https:\/\/www.yorku.ca\/yfile\/wp-json\/wp\/v2\/yfile-author?post=301122"},{"taxonomy":"tags-to-show","embeddable":true,"href":"https:\/\/www.yorku.ca\/yfile\/wp-json\/wp\/v2\/tags-to-show?post=301122"},{"taxonomy":"workflow","embeddable":true,"href":"https:\/\/www.yorku.ca\/yfile\/wp-json\/wp\/v2\/workflow?post=301122"}],"curies":[{"name":"wp","href":"https:\/\/api.w.org\/{rel}","templated":true}]}}