  {"id":298020,"date":"2022-01-12T15:29:19","date_gmt":"2022-01-12T20:29:19","guid":{"rendered":"https:\/\/yfile.news.yorku.ca\/?p=298020"},"modified":"2025-04-02T13:20:53","modified_gmt":"2025-04-02T17:20:53","slug":"join-the-york-community-for-a-virtual-town-hall-on-jan-17","status":"publish","type":"post","link":"https:\/\/www.yorku.ca\/yfile\/2022\/01\/12\/join-the-york-community-for-a-virtual-town-hall-on-jan-17\/","title":{"rendered":"Join the York community for a virtual town hall on Jan. 21"},"content":{"rendered":"\n<p><em>La version fran\u00e7aise suit la version anglaise.<\/em><\/p>\n\n\n\n<p>Dear York community,&nbsp;&nbsp;&nbsp;<\/p>\n\n\n\n<p>We are pleased to announce that we will be holding the first virtual town hall of the new year on&nbsp;<strong>Friday, Jan. 21<\/strong>, where we will discuss the University\u2019s ongoing plans for the winter term.&nbsp;<\/p>\n\n\n\n<p>We&nbsp;invite all students, staff, course directors and faculty to attend,&nbsp;and to submit their questions in advance of the event using&nbsp;<a rel=\"noreferrer noopener\" href=\"https:\/\/president.apps01.yorku.ca\/forms\/view.php?id=145174\" target=\"_blank\">this form<\/a>.&nbsp;Community members can also visit the updated&nbsp;<a rel=\"noreferrer noopener\" href=\"https:\/\/www.yorku.ca\/bettertogether\/faqs\/\" target=\"_blank\">Better Together FAQs<\/a>&nbsp;page for answers to frequently asked questions about enhanced health and safety measures, vaccination requirements, the University\u2019s plans for the winter term, and more.&nbsp;&nbsp;<\/p>\n\n\n\n<p class=\"has-text-align-center\"><strong>Date:&nbsp;<\/strong>Friday, Jan. 21<\/p>\n\n\n\n<p class=\"has-text-align-center\"><strong>Time:&nbsp;<\/strong>1:30 to 3 p.m.&nbsp;&nbsp;<\/p>\n\n\n\n<p class=\"has-text-align-center\"><strong>Zoom Webinar:<\/strong><\/p>\n\n\n\n<p class=\"has-text-align-center\"><a href=\"https:\/\/yorku.zoom.us\/j\/95361578899?pwd=cUtNYzlXVGVONGpuL3M4VXdZKzFGZz09\" target=\"_blank\" rel=\"noreferrer noopener\">https:\/\/yorku.zoom.us\/j\/95361578899?pwd=cUtNYzlXVGVONGpuL3M4VXdZKzFGZz09<\/a><\/p>\n\n\n\n<p class=\"has-text-align-center\"><strong>Webinar ID:&nbsp;<\/strong>953 6157 8899&nbsp;<\/p>\n\n\n\n<p class=\"has-text-align-center\"><strong>Telephone Dial-In:&nbsp;<\/strong>(647) 374-4685&nbsp;&nbsp;&nbsp;<\/p>\n\n\n\n<p class=\"has-text-align-center\"><strong>Password:&nbsp;<\/strong>135121&nbsp;<strong>&nbsp;<\/strong><\/p>\n\n\n\n<p class=\"has-text-align-center\"><strong>Link to Livestream:&nbsp;<\/strong><a href=\"https:\/\/youtu.be\/tH-vePJhOGg\" target=\"_blank\" rel=\"noreferrer noopener\">https:\/\/youtu.be\/tH-vePJhOGg<\/a>&nbsp;<\/p>\n\n\n\n<p>To help answer your questions, I will be joined by:&nbsp;&nbsp;&nbsp;<\/p>\n\n\n\n<ul class=\"wp-block-list\"><li><strong>Lisa Philipps<\/strong>, provost &amp; vice-president academic&nbsp;&nbsp;&nbsp;<\/li><li><strong>Amir Asif<\/strong>, vice-president research &amp; innovation&nbsp;&nbsp;&nbsp;<\/li><li><strong>Sheila Cote-Meek<\/strong>, vice-president equity, people &amp; culture&nbsp;&nbsp;&nbsp;<\/li><li><strong>Carol McAulay<\/strong>, vice-president finance &amp; administration&nbsp;&nbsp;&nbsp;<\/li><li><strong>Lucy Fromowitz<\/strong>, vice-provost, students&nbsp;&nbsp;&nbsp;<\/li><li><strong>Parissa Safai<\/strong>, special advisor to the president for academic continuity planning and COVID-19 response and associate professor, School of Kinesiology and Health Science&nbsp;&nbsp;&nbsp;<\/li><\/ul>\n\n\n\n<p>If you have any accessibility needs, notes, or&nbsp;comments,&nbsp;<a href=\"https:\/\/president.apps01.yorku.ca\/forms\/view.php?id=146801\" target=\"_blank\" rel=\"noreferrer noopener\">please let us know<\/a>.&nbsp;&nbsp;&nbsp;&nbsp;<\/p>\n\n\n\n<p>We will be hosting this&nbsp;town&nbsp;hall&nbsp;via the video conferencing platform Zoom Webinar. You can learn about downloading and using Zoom&nbsp;<a rel=\"noreferrer noopener\" href=\"https:\/\/yorku.zoom.us\/\" target=\"_blank\">here<\/a>. The webinar will also be livestreamed on the Town Hall&nbsp;<a rel=\"noreferrer noopener\" href=\"https:\/\/conversations.info.yorku.ca\/first-page\/webcast\/\" target=\"_blank\">website<\/a>.&nbsp;<br><br>If you have attended a past town hall, we would like your feedback through&nbsp;<a rel=\"noreferrer noopener\" href=\"https:\/\/president.apps01.yorku.ca\/forms\/view.php?id=145434\" target=\"_blank\">this short survey<\/a>.&nbsp;If you were unable to attend previous town halls, you can access all of them&nbsp;<a rel=\"noreferrer noopener\" href=\"https:\/\/conversations.info.yorku.ca\/past-town-hall-webcasts\/\" target=\"_blank\">here<\/a>.&nbsp;<br><br>The latest community updates, resources and answers to frequently asked questions can always be found on our&nbsp;<a rel=\"noreferrer noopener\" href=\"https:\/\/yubettertogether.info.yorku.ca\/\" target=\"_blank\">Better Together website<\/a>.&nbsp;I look forward to your questions.&nbsp;&nbsp;&nbsp;<\/p>\n\n\n\n<p>Sincerely,&nbsp;<\/p>\n\n\n\n<p><strong>Rhonda Lenton&nbsp;<br>President and Vice-Chancellor<\/strong><\/p>\n\n\n\n<hr class=\"wp-block-separator\"\/>\n\n\n\n<p>Chers membres de la communaut\u00e9 de York,&nbsp;&nbsp;&nbsp;<\/p>\n\n\n\n<p>Nous avons le plaisir d\u2019annoncer que nous tiendrons la premi\u00e8re conversation communautaire virtuelle de la nouvelle ann\u00e9e le vendredi&nbsp;21&nbsp;janvier, au cours de laquelle nous discuterons des projets de l\u2019Universit\u00e9 en cours pour le trimestre d\u2019hiver.&nbsp;<\/p>\n\n\n\n<p>Nous invitons tous les membres de la communaut\u00e9 \u00e9tudiante, du personnel, du corps enseignant et du corps professoral \u00e0 y assister et nous les encourageons \u00e0 soumettre leurs questions avant l\u2019\u00e9v\u00e9nement \u00e0 l\u2019aide de&nbsp;<a href=\"https:\/\/president.apps01.yorku.ca\/forms\/view.php?id=145174\" target=\"_blank\" rel=\"noreferrer noopener\">ce formulaire<\/a>. Les membres de la communaut\u00e9 peuvent aussi consulter les derni\u00e8res mises \u00e0 jour de la&nbsp;<a href=\"https:\/\/www.yorku.ca\/bettertogether\/foire-aux-questions-faqs\/?lang=fr\" target=\"_blank\" rel=\"noreferrer noopener\">FAQ sur le site Mieux ensemble<\/a>&nbsp;pour voir les r\u00e9ponses aux questions fr\u00e9quemment pos\u00e9es au sujet des mesures renforc\u00e9es de sant\u00e9 et de s\u00e9curit\u00e9, des exigences en mati\u00e8re de vaccination, des plans de l\u2019Universit\u00e9 pour le trimestre d\u2019hiver et bien plus encore.&nbsp;&nbsp;<\/p>\n\n\n\n<p class=\"has-text-align-center\"><strong>Date&nbsp;:&nbsp;<\/strong>Vendredi&nbsp;21&nbsp;janvier&nbsp;2022&nbsp;<\/p>\n\n\n\n<p class=\"has-text-align-center\"><strong>Heure&nbsp;:<\/strong>&nbsp;13&nbsp;h&nbsp;30 \u2013 15&nbsp;h&nbsp;<\/p>\n\n\n\n<p class=\"has-text-align-center\"><strong>Webinaire Zoom&nbsp;:<\/strong>&nbsp;<\/p>\n\n\n\n<p class=\"has-text-align-center\"><a href=\"https:\/\/yorku.zoom.us\/j\/95361578899?pwd=cUtNYzlXVGVONGpuL3M4VXdZKzFGZz09\" target=\"_blank\" rel=\"noreferrer noopener\">https:\/\/yorku.zoom.us\/j\/95361578899?pwd=cUtNYzlXVGVONGpuL3M4VXdZKzFGZz09<\/a><\/p>\n\n\n\n<p class=\"has-text-align-center\"><strong>Code du webinaire&nbsp;:&nbsp;<\/strong>953 6157 8899&nbsp;<\/p>\n\n\n\n<p class=\"has-text-align-center\"><strong>Num\u00e9ro de t\u00e9l\u00e9phone&nbsp;:&nbsp;<\/strong>(647) 374-4685&nbsp;&nbsp;&nbsp;<\/p>\n\n\n\n<p class=\"has-text-align-center\"><strong>Mot de passe :&nbsp;<\/strong>135121&nbsp;<strong>&nbsp;<\/strong><\/p>\n\n\n\n<p class=\"has-text-align-center\"><strong>Lien pour la diffusion en direct&nbsp;:&nbsp;<\/strong><a href=\"https:\/\/youtu.be\/tH-vePJhOGg\" target=\"_blank\" rel=\"noreferrer noopener\">https:\/\/youtu.be\/tH-vePJhOGg<\/a>&nbsp;<\/p>\n\n\n\n<p>Pour m\u2019aider \u00e0 r\u00e9pondre \u00e0 vos questions, je serai accompagn\u00e9e de&nbsp;:&nbsp;&nbsp;&nbsp;<\/p>\n\n\n\n<ul class=\"wp-block-list\"><li><strong>Lisa Philipps<\/strong>, rectrice et vice-pr\u00e9sidente aux affaires acad\u00e9miques&nbsp;&nbsp;&nbsp;<\/li><li><strong>Amir Asif<\/strong>, vice-pr\u00e9sident de la recherche et de l\u2019innovation&nbsp;&nbsp;&nbsp;<\/li><li><strong>Sheila Cote-Meek<\/strong>, vice-pr\u00e9sidente de l\u2019\u00e9quit\u00e9, des personnes et de la culture&nbsp;&nbsp;&nbsp;<\/li><li><strong>Carol McAulay<\/strong>, vice-pr\u00e9sidente des finances et de l\u2019administration&nbsp;&nbsp;&nbsp;<\/li><li><strong>Lucy Fromowitz<\/strong>, vice-rectrice aux affaires \u00e9tudiantes&nbsp;&nbsp;&nbsp;<\/li><li><strong>Parissa Safai<\/strong>, conseill\u00e8re sp\u00e9ciale de la pr\u00e9sidente pour la planification de la continuit\u00e9 acad\u00e9mique et la r\u00e9ponse \u00e0 la COVID-19 et professeure agr\u00e9g\u00e9e, \u00c9cole de kin\u00e9siologie et des sciences de la sant\u00e9&nbsp;&nbsp;&nbsp;<\/li><\/ul>\n\n\n\n<p>Si vous avez des besoins, des remarques ou des&nbsp;commentaires en mati\u00e8re d\u2019accessibilit\u00e9,&nbsp;<a href=\"https:\/\/president.apps01.yorku.ca\/forms\/view.php?id=146801\" target=\"_blank\" rel=\"noreferrer noopener\">veuillez nous le faire savoir<\/a>.&nbsp;<\/p>\n\n\n\n<p>Cette conversation communautaire aura lieu gr\u00e2ce \u00e0 la plateforme de visioconf\u00e9rence Zoom Webinar. Vous pouvez t\u00e9l\u00e9charger Zoom et apprendre \u00e0 vous en servir&nbsp;<a rel=\"noreferrer noopener\" href=\"https:\/\/yorku.zoom.us\/\" target=\"_blank\">ici<\/a>. Le webinaire sera \u00e9galement diffus\u00e9 en direct sur le&nbsp;<a rel=\"noreferrer noopener\" href=\"https:\/\/conversations.info.yorku.ca\/first-page\/webcast\/\" target=\"_blank\">site Web<\/a>&nbsp;des conversations communautaires.&nbsp;<br><br>Si vous avez d\u00e9j\u00e0 assist\u00e9 \u00e0 une conversation communautaire, nous aimerions conna\u00eetre votre opinion par le biais de&nbsp;<a rel=\"noreferrer noopener\" href=\"https:\/\/president.apps01.yorku.ca\/forms\/view.php?id=145434\" target=\"_blank\">ce bref sondage<\/a>.&nbsp;Si vous n\u2019avez pas pu assister aux conversations pr\u00e9c\u00e9dentes, elles sont affich\u00e9es&nbsp;<a rel=\"noreferrer noopener\" href=\"https:\/\/conversations.info.yorku.ca\/past-town-hall-webcasts\/\" target=\"_blank\">ici<\/a>.&nbsp;<br><br>Vous trouverez les derni\u00e8res mises \u00e0 jour, ressources et r\u00e9ponses aux questions fr\u00e9quemment pos\u00e9es sur notre&nbsp;<a rel=\"noreferrer noopener\" href=\"https:\/\/www.yorku.ca\/bettertogether\/?lang=fr\" target=\"_blank\">site Web Mieux ensemble<\/a>.&nbsp;&nbsp;&nbsp;&nbsp;&nbsp;<\/p>\n\n\n\n<p>J\u2019attends vos questions avec impatience.<br>&nbsp;&nbsp;&nbsp;&nbsp;<br>Veuillez agr\u00e9er mes sinc\u00e8res salutations,&nbsp;&nbsp;<\/p>\n\n\n\n<p><strong>Rhonda Lenton&nbsp;<br>Pr\u00e9sidente et vice-chanceli\u00e8re<\/strong><\/p>\n","protected":false},"excerpt":{"rendered":"<p>Students, faculty, course directors and staff at 快播视频 are invited to a virtual town hall planned for Friday, Jan. 21. The event will provide community members with an opportunity to discuss the University's ongoing plans for the winter term.<\/p>\n","protected":false},"author":5,"featured_media":296444,"comment_status":"closed","ping_status":"closed","sticky":false,"template":"","format":"standard","meta":{"_acf_changed":false,"_kad_blocks_custom_css":"","_kad_blocks_head_custom_js":"","_kad_blocks_body_custom_js":"","_kad_blocks_footer_custom_js":"","footnotes":""},"categories":[25],"tags":[],"yfileauthor":[204],"qualifier":[],"yfile-author":[],"tags-to-show":[174],"workflow":[],"class_list":["post-298020","post","type-post","status-publish","format-standard","has-post-thumbnail","hentry","category-editors-picks","yfileauthor-yfilestaff","tags-to-show-president"],"acf":{"internal_publish_date":null,"original_image":null},"yoast_head":"<!-- This site is optimized with the Yoast SEO plugin v27.4 - https:\/\/yoast.com\/product\/yoast-seo-wordpress\/ -->\n<title>Join the York community for a virtual town hall on Jan. 21 - YFile<\/title>\n<meta name=\"robots\" content=\"index, follow, max-snippet:-1, max-image-preview:large, max-video-preview:-1\" \/>\n<link rel=\"canonical\" href=\"https:\/\/www.yorku.ca\/yfile\/2022\/01\/12\/join-the-york-community-for-a-virtual-town-hall-on-jan-17\/\" \/>\n<meta property=\"og:locale\" content=\"en_US\" \/>\n<meta property=\"og:type\" content=\"article\" \/>\n<meta property=\"og:title\" content=\"Join the York community for a virtual town hall on Jan. 21 - YFile\" \/>\n<meta property=\"og:description\" content=\"Students, faculty, course directors and staff at 快播视频 are invited to a virtual town hall planned for Friday, Jan. 21. The event will provide community members with an opportunity to discuss the University&#039;s ongoing plans for the winter term.\" \/>\n<meta property=\"og:url\" content=\"https:\/\/www.yorku.ca\/yfile\/2022\/01\/12\/join-the-york-community-for-a-virtual-town-hall-on-jan-17\/\" \/>\n<meta property=\"og:site_name\" content=\"YFile\" \/>\n<meta property=\"article:published_time\" content=\"2022-01-12T20:29:19+00:00\" \/>\n<meta property=\"article:modified_time\" content=\"2025-04-02T17:20:53+00:00\" \/>\n<meta property=\"og:image\" content=\"https:\/\/www.yorku.ca\/yfile\/wp-content\/uploads\/sites\/889\/2021\/11\/Vari-Hall-Winter-scene-showing-the-Harry-Arthurs-Common.jpg\" \/>\n\t<meta property=\"og:image:width\" content=\"1800\" \/>\n\t<meta property=\"og:image:height\" content=\"600\" \/>\n\t<meta property=\"og:image:type\" content=\"image\/jpeg\" \/>\n<meta name=\"author\" content=\"phalfert\" \/>\n<meta name=\"twitter:card\" content=\"summary_large_image\" \/>\n<meta name=\"twitter:label1\" content=\"Written by\" \/>\n\t<meta name=\"twitter:data1\" content=\"phalfert\" \/>\n\t<meta name=\"twitter:label2\" content=\"Est. reading time\" \/>\n\t<meta name=\"twitter:data2\" content=\"4 minutes\" \/>\n<script type=\"application\/ld+json\" class=\"yoast-schema-graph\">{\"@context\":\"https:\\\/\\\/schema.org\",\"@graph\":[{\"@type\":\"Article\",\"@id\":\"https:\\\/\\\/www.yorku.ca\\\/yfile\\\/2022\\\/01\\\/12\\\/join-the-york-community-for-a-virtual-town-hall-on-jan-17\\\/#article\",\"isPartOf\":{\"@id\":\"https:\\\/\\\/www.yorku.ca\\\/yfile\\\/2022\\\/01\\\/12\\\/join-the-york-community-for-a-virtual-town-hall-on-jan-17\\\/\"},\"author\":{\"name\":\"phalfert\",\"@id\":\"https:\\\/\\\/www.yorku.ca\\\/yfile\\\/#\\\/schema\\\/person\\\/21f3dffe794363be5ece4ec7f538a0c0\"},\"headline\":\"Join the York community for a virtual town hall on Jan. 21\",\"datePublished\":\"2022-01-12T20:29:19+00:00\",\"dateModified\":\"2025-04-02T17:20:53+00:00\",\"mainEntityOfPage\":{\"@id\":\"https:\\\/\\\/www.yorku.ca\\\/yfile\\\/2022\\\/01\\\/12\\\/join-the-york-community-for-a-virtual-town-hall-on-jan-17\\\/\"},\"wordCount\":910,\"image\":{\"@id\":\"https:\\\/\\\/www.yorku.ca\\\/yfile\\\/2022\\\/01\\\/12\\\/join-the-york-community-for-a-virtual-town-hall-on-jan-17\\\/#primaryimage\"},\"thumbnailUrl\":\"https:\\\/\\\/www.yorku.ca\\\/yfile\\\/wp-content\\\/uploads\\\/sites\\\/889\\\/2021\\\/11\\\/Vari-Hall-Winter-scene-showing-the-Harry-Arthurs-Common.jpg\",\"articleSection\":[\"Editor's Picks\"],\"inLanguage\":\"en-CA\",\"copyrightYear\":\"2022\",\"copyrightHolder\":{\"@id\":\"https:\\\/\\\/www.yorku.ca\\\/yfile\\\/#organization\"}},{\"@type\":\"WebPage\",\"@id\":\"https:\\\/\\\/www.yorku.ca\\\/yfile\\\/2022\\\/01\\\/12\\\/join-the-york-community-for-a-virtual-town-hall-on-jan-17\\\/\",\"url\":\"https:\\\/\\\/www.yorku.ca\\\/yfile\\\/2022\\\/01\\\/12\\\/join-the-york-community-for-a-virtual-town-hall-on-jan-17\\\/\",\"name\":\"Join the York community for a virtual town hall on Jan. 21 - YFile\",\"isPartOf\":{\"@id\":\"https:\\\/\\\/www.yorku.ca\\\/yfile\\\/#website\"},\"primaryImageOfPage\":{\"@id\":\"https:\\\/\\\/www.yorku.ca\\\/yfile\\\/2022\\\/01\\\/12\\\/join-the-york-community-for-a-virtual-town-hall-on-jan-17\\\/#primaryimage\"},\"image\":{\"@id\":\"https:\\\/\\\/www.yorku.ca\\\/yfile\\\/2022\\\/01\\\/12\\\/join-the-york-community-for-a-virtual-town-hall-on-jan-17\\\/#primaryimage\"},\"thumbnailUrl\":\"https:\\\/\\\/www.yorku.ca\\\/yfile\\\/wp-content\\\/uploads\\\/sites\\\/889\\\/2021\\\/11\\\/Vari-Hall-Winter-scene-showing-the-Harry-Arthurs-Common.jpg\",\"datePublished\":\"2022-01-12T20:29:19+00:00\",\"dateModified\":\"2025-04-02T17:20:53+00:00\",\"author\":{\"@id\":\"https:\\\/\\\/www.yorku.ca\\\/yfile\\\/#\\\/schema\\\/person\\\/21f3dffe794363be5ece4ec7f538a0c0\"},\"breadcrumb\":{\"@id\":\"https:\\\/\\\/www.yorku.ca\\\/yfile\\\/2022\\\/01\\\/12\\\/join-the-york-community-for-a-virtual-town-hall-on-jan-17\\\/#breadcrumb\"},\"inLanguage\":\"en-CA\",\"potentialAction\":[{\"@type\":\"ReadAction\",\"target\":[\"https:\\\/\\\/www.yorku.ca\\\/yfile\\\/2022\\\/01\\\/12\\\/join-the-york-community-for-a-virtual-town-hall-on-jan-17\\\/\"]}]},{\"@type\":\"ImageObject\",\"inLanguage\":\"en-CA\",\"@id\":\"https:\\\/\\\/www.yorku.ca\\\/yfile\\\/2022\\\/01\\\/12\\\/join-the-york-community-for-a-virtual-town-hall-on-jan-17\\\/#primaryimage\",\"url\":\"https:\\\/\\\/www.yorku.ca\\\/yfile\\\/wp-content\\\/uploads\\\/sites\\\/889\\\/2021\\\/11\\\/Vari-Hall-Winter-scene-showing-the-Harry-Arthurs-Common.jpg\",\"contentUrl\":\"https:\\\/\\\/www.yorku.ca\\\/yfile\\\/wp-content\\\/uploads\\\/sites\\\/889\\\/2021\\\/11\\\/Vari-Hall-Winter-scene-showing-the-Harry-Arthurs-Common.jpg\",\"width\":1800,\"height\":600,\"caption\":\"Vari Hall Winter scene showing the Harry Arthurs Common\"},{\"@type\":\"BreadcrumbList\",\"@id\":\"https:\\\/\\\/www.yorku.ca\\\/yfile\\\/2022\\\/01\\\/12\\\/join-the-york-community-for-a-virtual-town-hall-on-jan-17\\\/#breadcrumb\",\"itemListElement\":[{\"@type\":\"ListItem\",\"position\":1,\"name\":\"Home\",\"item\":\"https:\\\/\\\/www.yorku.ca\\\/yfile\\\/\"},{\"@type\":\"ListItem\",\"position\":2,\"name\":\"Join the York community for a virtual town hall on Jan. 21\"}]},{\"@type\":\"WebSite\",\"@id\":\"https:\\\/\\\/www.yorku.ca\\\/yfile\\\/#website\",\"url\":\"https:\\\/\\\/www.yorku.ca\\\/yfile\\\/\",\"name\":\"YFile\",\"description\":\"\",\"potentialAction\":[{\"@type\":\"SearchAction\",\"target\":{\"@type\":\"EntryPoint\",\"urlTemplate\":\"https:\\\/\\\/www.yorku.ca\\\/yfile\\\/?s={search_term_string}\"},\"query-input\":{\"@type\":\"PropertyValueSpecification\",\"valueRequired\":true,\"valueName\":\"search_term_string\"}}],\"inLanguage\":\"en-CA\"},{\"@type\":\"Person\",\"@id\":\"https:\\\/\\\/www.yorku.ca\\\/yfile\\\/#\\\/schema\\\/person\\\/21f3dffe794363be5ece4ec7f538a0c0\",\"name\":\"phalfert\",\"image\":{\"@type\":\"ImageObject\",\"inLanguage\":\"en-CA\",\"@id\":\"https:\\\/\\\/secure.gravatar.com\\\/avatar\\\/9e3ac8a4ede7f72dd695c074c5291e11739705deae1422de177298d5aad6d559?s=96&d=mm&r=g\",\"url\":\"https:\\\/\\\/secure.gravatar.com\\\/avatar\\\/9e3ac8a4ede7f72dd695c074c5291e11739705deae1422de177298d5aad6d559?s=96&d=mm&r=g\",\"contentUrl\":\"https:\\\/\\\/secure.gravatar.com\\\/avatar\\\/9e3ac8a4ede7f72dd695c074c5291e11739705deae1422de177298d5aad6d559?s=96&d=mm&r=g\",\"caption\":\"phalfert\"},\"url\":\"https:\\\/\\\/www.yorku.ca\\\/yfile\\\/author\\\/phalfert\\\/\"}]}<\/script>\n<!-- \/ Yoast SEO plugin. -->","yoast_head_json":{"title":"Join the York community for a virtual town hall on Jan. 21 - YFile","robots":{"index":"index","follow":"follow","max-snippet":"max-snippet:-1","max-image-preview":"max-image-preview:large","max-video-preview":"max-video-preview:-1"},"canonical":"https:\/\/www.yorku.ca\/yfile\/2022\/01\/12\/join-the-york-community-for-a-virtual-town-hall-on-jan-17\/","og_locale":"en_US","og_type":"article","og_title":"Join the York community for a virtual town hall on Jan. 21 - YFile","og_description":"Students, faculty, course directors and staff at 快播视频 are invited to a virtual town hall planned for Friday, Jan. 21. The event will provide community members with an opportunity to discuss the University's ongoing plans for the winter term.","og_url":"https:\/\/www.yorku.ca\/yfile\/2022\/01\/12\/join-the-york-community-for-a-virtual-town-hall-on-jan-17\/","og_site_name":"YFile","article_published_time":"2022-01-12T20:29:19+00:00","article_modified_time":"2025-04-02T17:20:53+00:00","og_image":[{"width":1800,"height":600,"url":"https:\/\/www.yorku.ca\/yfile\/wp-content\/uploads\/sites\/889\/2021\/11\/Vari-Hall-Winter-scene-showing-the-Harry-Arthurs-Common.jpg","type":"image\/jpeg"}],"author":"phalfert","twitter_card":"summary_large_image","twitter_misc":{"Written by":"phalfert","Est. reading time":"4 minutes"},"schema":{"@context":"https:\/\/schema.org","@graph":[{"@type":"Article","@id":"https:\/\/www.yorku.ca\/yfile\/2022\/01\/12\/join-the-york-community-for-a-virtual-town-hall-on-jan-17\/#article","isPartOf":{"@id":"https:\/\/www.yorku.ca\/yfile\/2022\/01\/12\/join-the-york-community-for-a-virtual-town-hall-on-jan-17\/"},"author":{"name":"phalfert","@id":"https:\/\/www.yorku.ca\/yfile\/#\/schema\/person\/21f3dffe794363be5ece4ec7f538a0c0"},"headline":"Join the York community for a virtual town hall on Jan. 21","datePublished":"2022-01-12T20:29:19+00:00","dateModified":"2025-04-02T17:20:53+00:00","mainEntityOfPage":{"@id":"https:\/\/www.yorku.ca\/yfile\/2022\/01\/12\/join-the-york-community-for-a-virtual-town-hall-on-jan-17\/"},"wordCount":910,"image":{"@id":"https:\/\/www.yorku.ca\/yfile\/2022\/01\/12\/join-the-york-community-for-a-virtual-town-hall-on-jan-17\/#primaryimage"},"thumbnailUrl":"https:\/\/www.yorku.ca\/yfile\/wp-content\/uploads\/sites\/889\/2021\/11\/Vari-Hall-Winter-scene-showing-the-Harry-Arthurs-Common.jpg","articleSection":["Editor's Picks"],"inLanguage":"en-CA","copyrightYear":"2022","copyrightHolder":{"@id":"https:\/\/www.yorku.ca\/yfile\/#organization"}},{"@type":"WebPage","@id":"https:\/\/www.yorku.ca\/yfile\/2022\/01\/12\/join-the-york-community-for-a-virtual-town-hall-on-jan-17\/","url":"https:\/\/www.yorku.ca\/yfile\/2022\/01\/12\/join-the-york-community-for-a-virtual-town-hall-on-jan-17\/","name":"Join the York community for a virtual town hall on Jan. 21 - YFile","isPartOf":{"@id":"https:\/\/www.yorku.ca\/yfile\/#website"},"primaryImageOfPage":{"@id":"https:\/\/www.yorku.ca\/yfile\/2022\/01\/12\/join-the-york-community-for-a-virtual-town-hall-on-jan-17\/#primaryimage"},"image":{"@id":"https:\/\/www.yorku.ca\/yfile\/2022\/01\/12\/join-the-york-community-for-a-virtual-town-hall-on-jan-17\/#primaryimage"},"thumbnailUrl":"https:\/\/www.yorku.ca\/yfile\/wp-content\/uploads\/sites\/889\/2021\/11\/Vari-Hall-Winter-scene-showing-the-Harry-Arthurs-Common.jpg","datePublished":"2022-01-12T20:29:19+00:00","dateModified":"2025-04-02T17:20:53+00:00","author":{"@id":"https:\/\/www.yorku.ca\/yfile\/#\/schema\/person\/21f3dffe794363be5ece4ec7f538a0c0"},"breadcrumb":{"@id":"https:\/\/www.yorku.ca\/yfile\/2022\/01\/12\/join-the-york-community-for-a-virtual-town-hall-on-jan-17\/#breadcrumb"},"inLanguage":"en-CA","potentialAction":[{"@type":"ReadAction","target":["https:\/\/www.yorku.ca\/yfile\/2022\/01\/12\/join-the-york-community-for-a-virtual-town-hall-on-jan-17\/"]}]},{"@type":"ImageObject","inLanguage":"en-CA","@id":"https:\/\/www.yorku.ca\/yfile\/2022\/01\/12\/join-the-york-community-for-a-virtual-town-hall-on-jan-17\/#primaryimage","url":"https:\/\/www.yorku.ca\/yfile\/wp-content\/uploads\/sites\/889\/2021\/11\/Vari-Hall-Winter-scene-showing-the-Harry-Arthurs-Common.jpg","contentUrl":"https:\/\/www.yorku.ca\/yfile\/wp-content\/uploads\/sites\/889\/2021\/11\/Vari-Hall-Winter-scene-showing-the-Harry-Arthurs-Common.jpg","width":1800,"height":600,"caption":"Vari Hall Winter scene showing the Harry Arthurs Common"},{"@type":"BreadcrumbList","@id":"https:\/\/www.yorku.ca\/yfile\/2022\/01\/12\/join-the-york-community-for-a-virtual-town-hall-on-jan-17\/#breadcrumb","itemListElement":[{"@type":"ListItem","position":1,"name":"Home","item":"https:\/\/www.yorku.ca\/yfile\/"},{"@type":"ListItem","position":2,"name":"Join the York community for a virtual town hall on Jan. 21"}]},{"@type":"WebSite","@id":"https:\/\/www.yorku.ca\/yfile\/#website","url":"https:\/\/www.yorku.ca\/yfile\/","name":"YFile","description":"","potentialAction":[{"@type":"SearchAction","target":{"@type":"EntryPoint","urlTemplate":"https:\/\/www.yorku.ca\/yfile\/?s={search_term_string}"},"query-input":{"@type":"PropertyValueSpecification","valueRequired":true,"valueName":"search_term_string"}}],"inLanguage":"en-CA"},{"@type":"Person","@id":"https:\/\/www.yorku.ca\/yfile\/#\/schema\/person\/21f3dffe794363be5ece4ec7f538a0c0","name":"phalfert","image":{"@type":"ImageObject","inLanguage":"en-CA","@id":"https:\/\/secure.gravatar.com\/avatar\/9e3ac8a4ede7f72dd695c074c5291e11739705deae1422de177298d5aad6d559?s=96&d=mm&r=g","url":"https:\/\/secure.gravatar.com\/avatar\/9e3ac8a4ede7f72dd695c074c5291e11739705deae1422de177298d5aad6d559?s=96&d=mm&r=g","contentUrl":"https:\/\/secure.gravatar.com\/avatar\/9e3ac8a4ede7f72dd695c074c5291e11739705deae1422de177298d5aad6d559?s=96&d=mm&r=g","caption":"phalfert"},"url":"https:\/\/www.yorku.ca\/yfile\/author\/phalfert\/"}]}},"taxonomy_info":{"category":[{"value":25,"label":"Editor's Picks"}],"yfileauthor":[{"value":204,"label":"YFile Staff"}],"tags-to-show":[{"value":174,"label":"President"}]},"featured_image_src_large":["https:\/\/www.yorku.ca\/yfile\/wp-content\/uploads\/sites\/889\/2021\/11\/Vari-Hall-Winter-scene-showing-the-Harry-Arthurs-Common-1024x341.jpg",1024,341,true],"author_info":{"display_name":"phalfert","author_link":"https:\/\/www.yorku.ca\/yfile\/author\/phalfert\/"},"comment_info":0,"category_info":[{"term_id":25,"name":"Editor's Picks","slug":"editors-picks","term_group":0,"term_taxonomy_id":25,"taxonomy":"category","description":"","parent":0,"count":6268,"filter":"raw","cat_ID":25,"category_count":6268,"category_description":"","cat_name":"Editor's Picks","category_nicename":"editors-picks","category_parent":0}],"tag_info":false,"_links":{"self":[{"href":"https:\/\/www.yorku.ca\/yfile\/wp-json\/wp\/v2\/posts\/298020","targetHints":{"allow":["GET"]}}],"collection":[{"href":"https:\/\/www.yorku.ca\/yfile\/wp-json\/wp\/v2\/posts"}],"about":[{"href":"https:\/\/www.yorku.ca\/yfile\/wp-json\/wp\/v2\/types\/post"}],"author":[{"embeddable":true,"href":"https:\/\/www.yorku.ca\/yfile\/wp-json\/wp\/v2\/users\/5"}],"replies":[{"embeddable":true,"href":"https:\/\/www.yorku.ca\/yfile\/wp-json\/wp\/v2\/comments?post=298020"}],"version-history":[{"count":1,"href":"https:\/\/www.yorku.ca\/yfile\/wp-json\/wp\/v2\/posts\/298020\/revisions"}],"predecessor-version":[{"id":391045,"href":"https:\/\/www.yorku.ca\/yfile\/wp-json\/wp\/v2\/posts\/298020\/revisions\/391045"}],"wp:featuredmedia":[{"embeddable":true,"href":"https:\/\/www.yorku.ca\/yfile\/wp-json\/wp\/v2\/media\/296444"}],"wp:attachment":[{"href":"https:\/\/www.yorku.ca\/yfile\/wp-json\/wp\/v2\/media?parent=298020"}],"wp:term":[{"taxonomy":"category","embeddable":true,"href":"https:\/\/www.yorku.ca\/yfile\/wp-json\/wp\/v2\/categories?post=298020"},{"taxonomy":"post_tag","embeddable":true,"href":"https:\/\/www.yorku.ca\/yfile\/wp-json\/wp\/v2\/tags?post=298020"},{"taxonomy":"yfileauthor","embeddable":true,"href":"https:\/\/www.yorku.ca\/yfile\/wp-json\/wp\/v2\/yfileauthor?post=298020"},{"taxonomy":"qualifier","embeddable":true,"href":"https:\/\/www.yorku.ca\/yfile\/wp-json\/wp\/v2\/qualifier?post=298020"},{"taxonomy":"yfile-author","embeddable":true,"href":"https:\/\/www.yorku.ca\/yfile\/wp-json\/wp\/v2\/yfile-author?post=298020"},{"taxonomy":"tags-to-show","embeddable":true,"href":"https:\/\/www.yorku.ca\/yfile\/wp-json\/wp\/v2\/tags-to-show?post=298020"},{"taxonomy":"workflow","embeddable":true,"href":"https:\/\/www.yorku.ca\/yfile\/wp-json\/wp\/v2\/workflow?post=298020"}],"curies":[{"name":"wp","href":"https:\/\/api.w.org\/{rel}","templated":true}]}}